{"id":8266,"date":"2023-05-31T11:18:18","date_gmt":"2023-05-31T15:18:18","guid":{"rendered":"https:\/\/mahingan.les4as.ca\/?p=8266"},"modified":"2023-06-11T08:46:52","modified_gmt":"2023-06-11T12:46:52","slug":"sentier-les-deux-criques","status":"publish","type":"post","link":"https:\/\/mahingan.les4as.ca\/?p=8266","title":{"rendered":"Sentier les Deux-Criques"},"content":{"rendered":"\n<h1 class=\"wp-block-heading\">R\u00e9sum\u00e9 de la randonn\u00e9e<\/h1>\n\n\n\n<p>Nous sommes le 5 septembre 2022 et c\u2019est notre derni\u00e8re journ\u00e9e de vacances. Demain, nous revenons \u00e0 la maison. Je demande \u00e0 Jos\u00e9e si nous profitons une derni\u00e8re fois du lac \u00c9douard, ou bien si nous allons parcourir le sentier les Deux-Criques. Elle me r\u00e9pond&nbsp;: \u00ab Les blessures \u00e0 mon pied sont encore apparentes, mais je pense pouvoir randonner si j\u2019utilise des coussinets pour ampoules. \u00bb Et nous voil\u00e0 partis pour un dernier tour de piste!<\/p>\n\n\n\n<p>Le d\u00e9but du sentier est pr\u00e8s du pavillon de services Rivi\u00e8re-\u00e0-la-P\u00eache et il emprunte une section du <a href=\"\/?p=8029\">sentier Mekinac<\/a> que nous utiliseront pour le retour. Juste un peu avant le premier point d\u2019observation, nous longeons pendant plusieurs m\u00e8tres une jolie paroi rocheuse que je surnomme avec affection \u00ab la muraille \u00bb. Tout pr\u00e8s du sentier, dans la muraille, je d\u00e9couvre une cavit\u00e9 qui me permet de m\u2019asseoir et de profiter de la qui\u00e9tude des lieux. Le premier point d\u2019observation nous donne une vue agr\u00e9able sur les montagnes environnantes. Pour atteindre le deuxi\u00e8me point de vue, nous devons faire 400 m\u00e8tres aller-retour pour observer le lac Noir. Plus loin, nous longeons une rivi\u00e8re qui d\u00e9charge le lac de la Dame. Le niveau de l\u2019eau est tellement bas que je peux me rendre au milieu de celle-ci sans mouiller mes bottes. Je suis sur un rocher qui normalement devrait \u00eatre submerg\u00e9 par l\u2019eau et je prends une photo en aval et en amont de ma position.<\/p>\n\n\n\n<p>Il est presque l\u2019heure du d\u00eener, mais nous d\u00e9cidons quand m\u00eame de nous rendre au prochain point de vue qui est situ\u00e9 pr\u00e8s du milieu de la randonn\u00e9e. Nous avons bien fait, car la vue est magnifique. Devant nous, nous avons une vue sur le lac Trudel et les montagnes avoisinantes. Jos\u00e9e s\u2019installe trop pr\u00e8s de la falaise \u00e0 mon go\u00fbt et, moi, je m\u2019assois sur le rocher un peu en retrait. Nous mangeons notre repas du midi sur un soup\u00e7on de rayon solaire. Nous reprenons le sentier et, apr\u00e8s avoir parcouru environ 3 kilom\u00e8tres, nous arrivons sur le <a href=\"\/?p=8029\">sentier Mekinac<\/a> pr\u00e8s du lac Rosoy. Le reste du sentier nous est familier puisque nous l\u2019avons d\u00e9j\u00e0 parcouru il y a quelques jours.<\/p>\n\n\n\n<p>En r\u00e9sum\u00e9, cette randonn\u00e9e demande une bonne forme physique, car la distance \u00e0 parcourir est imposante et il y a plusieurs mont\u00e9es et descentes qui sont assez exigeantes. Heureusement qu\u2019il y a plusieurs points de vue pour nous permettent de reprendre notre souffle! En v\u00e9rit\u00e9, c\u2019est un pr\u00e9texte pour avaler plusieurs collations!<\/p>\n\n\n\n<h1 class=\"wp-block-heading\">Informations sur la randonn\u00e9e<\/h1>\n\n\n\n<p><strong>Date :<\/strong> 5 septembre 2022<\/p>\n\n\n\n<p><strong>M\u00e9t\u00e9o :<\/strong> Ensoleill\u00e9, 21\u00b0C.<\/p>\n\n\n\n<p><strong>Distance :<\/strong> 18.1 Kilom\u00e8tres<\/p>\n\n\n\n<p><strong>Stationnement :<\/strong> Pavillon de services de Rivi\u00e8re-\u00e0-la-P\u00eache<\/p>\n\n\n\n<p><strong>Coordonn\u00e9e GPS du stationnement :<\/strong> N 46\u00b045.376&prime; W 072\u00b048.695&prime;<\/p>\n\n\n\n<p><strong>Lien vers la carte du sentier :<\/strong> <a href=\"\/wp-content\/uploads\/cartes\/SentiersParcNationalMauricie\/Carte_Deux-Criques_Mekinac_La_Familiale_Lac-Solitaire_Ruisseau-Bouchard_Lac-du-Pimbina.pdf\">Sentier les Deux-Criques<\/a><\/p>\n\n\n\n<p><strong>Lien vers le profil du sentier :<\/strong> <a href=\"\/wp-content\/uploads\/2023\/05\/Profil_SentierLesDeuxCriques.jpg\">Profil du sentier les Deux-Criques<\/a><\/p>\n\n\n\n<p><strong>Fichier gpx pour le GPS :<\/strong> <a href=\"\/wp-content\/uploads\/gpx\/Track_Sentier_Les_Deux_Criques.gpx\">Track_Sentier_Les_Deux_Criques.gpx<\/a><\/p>\n\n\n\n<p><strong>Parcours :<\/strong> Boucle<\/p>\n\n\n\n<p><strong>Temps total pour la randonn\u00e9e :<\/strong>&nbsp;7 heures 26 minutes<\/p>\n\n\n\n<p><strong>Temps de d\u00e9placement :<\/strong> 5 heures 4 minutes<\/p>\n\n\n\n<p><strong>Temps d&rsquo;arr\u00eat :<\/strong> 2 heures 22 minutes<\/p>\n\n\n<div class=\"wp-block-image\">\n<figure class=\"aligncenter size-full\"><a href=\"\/wp-content\/uploads\/2023\/05\/TraceGPS_SentierLesDeuxCriques.jpg\"><img loading=\"lazy\" decoding=\"async\" width=\"1082\" height=\"1668\" src=\"\/wp-content\/uploads\/2023\/05\/TraceGPS_SentierLesDeuxCriques.jpg\" alt=\"\" class=\"wp-image-8269\" srcset=\"https:\/\/mahingan.les4as.ca\/wp-content\/uploads\/2023\/05\/TraceGPS_SentierLesDeuxCriques.jpg 1082w, https:\/\/mahingan.les4as.ca\/wp-content\/uploads\/2023\/05\/TraceGPS_SentierLesDeuxCriques-195x300.jpg 195w, https:\/\/mahingan.les4as.ca\/wp-content\/uploads\/2023\/05\/TraceGPS_SentierLesDeuxCriques-664x1024.jpg 664w, https:\/\/mahingan.les4as.ca\/wp-content\/uploads\/2023\/05\/TraceGPS_SentierLesDeuxCriques-768x1184.jpg 768w, https:\/\/mahingan.les4as.ca\/wp-content\/uploads\/2023\/05\/TraceGPS_SentierLesDeuxCriques-996x1536.jpg 996w, https:\/\/mahingan.les4as.ca\/wp-content\/uploads\/2023\/05\/TraceGPS_SentierLesDeuxCriques-175x270.jpg 175w\" sizes=\"auto, (max-width: 1082px) 100vw, 1082px\" \/><\/a><figcaption class=\"wp-element-caption\">Trac\u00e9 GPS de la randonn\u00e9e sur le sentier les Deux-Criques.<\/figcaption><\/figure>\n<\/div>\n\n\n<h1 class=\"wp-block-heading\">Photos de la randonn\u00e9e<\/h1>\n\n\n<div class=\"wp-block-image\">\n<figure class=\"aligncenter size-full\"><a href=\"\/wp-content\/uploads\/2023\/05\/DSCN8087.jpg\"><img loading=\"lazy\" decoding=\"async\" width=\"1200\" height=\"900\" src=\"\/wp-content\/uploads\/2023\/05\/DSCN8087.jpg\" alt=\"\" class=\"wp-image-8271\" srcset=\"https:\/\/mahingan.les4as.ca\/wp-content\/uploads\/2023\/05\/DSCN8087.jpg 1200w, https:\/\/mahingan.les4as.ca\/wp-content\/uploads\/2023\/05\/DSCN8087-300x225.jpg 300w, https:\/\/mahingan.les4as.ca\/wp-content\/uploads\/2023\/05\/DSCN8087-1024x768.jpg 1024w, https:\/\/mahingan.les4as.ca\/wp-content\/uploads\/2023\/05\/DSCN8087-768x576.jpg 768w, https:\/\/mahingan.les4as.ca\/wp-content\/uploads\/2023\/05\/DSCN8087-360x270.jpg 360w\" sizes=\"auto, (max-width: 1200px) 100vw, 1200px\" \/><\/a><figcaption class=\"wp-element-caption\">Le d\u00e9but du sentier.<br>N 46\u00b0 45.499 W 072\u00b0 48.731&prime;<\/figcaption><\/figure>\n<\/div>\n\n<div class=\"wp-block-image\">\n<figure class=\"aligncenter size-full\"><a href=\"\/wp-content\/uploads\/2023\/05\/DSCN8088.jpg\"><img loading=\"lazy\" decoding=\"async\" width=\"1200\" height=\"900\" src=\"\/wp-content\/uploads\/2023\/05\/DSCN8088.jpg\" alt=\"\" class=\"wp-image-8272\" srcset=\"https:\/\/mahingan.les4as.ca\/wp-content\/uploads\/2023\/05\/DSCN8088.jpg 1200w, https:\/\/mahingan.les4as.ca\/wp-content\/uploads\/2023\/05\/DSCN8088-300x225.jpg 300w, https:\/\/mahingan.les4as.ca\/wp-content\/uploads\/2023\/05\/DSCN8088-1024x768.jpg 1024w, https:\/\/mahingan.les4as.ca\/wp-content\/uploads\/2023\/05\/DSCN8088-768x576.jpg 768w, https:\/\/mahingan.les4as.ca\/wp-content\/uploads\/2023\/05\/DSCN8088-360x270.jpg 360w\" sizes=\"auto, (max-width: 1200px) 100vw, 1200px\" \/><\/a><figcaption class=\"wp-element-caption\">La muraille de roches.<br>N 46\u00b0 46.216 W 072\u00b0 49.610&prime;<\/figcaption><\/figure>\n<\/div>\n\n<div class=\"wp-block-image\">\n<figure class=\"aligncenter size-full\"><a href=\"\/wp-content\/uploads\/2023\/05\/DSCN8089.jpg\"><img loading=\"lazy\" decoding=\"async\" width=\"1200\" height=\"900\" src=\"\/wp-content\/uploads\/2023\/05\/DSCN8089.jpg\" alt=\"\" class=\"wp-image-8273\" srcset=\"https:\/\/mahingan.les4as.ca\/wp-content\/uploads\/2023\/05\/DSCN8089.jpg 1200w, https:\/\/mahingan.les4as.ca\/wp-content\/uploads\/2023\/05\/DSCN8089-300x225.jpg 300w, https:\/\/mahingan.les4as.ca\/wp-content\/uploads\/2023\/05\/DSCN8089-1024x768.jpg 1024w, https:\/\/mahingan.les4as.ca\/wp-content\/uploads\/2023\/05\/DSCN8089-768x576.jpg 768w, https:\/\/mahingan.les4as.ca\/wp-content\/uploads\/2023\/05\/DSCN8089-360x270.jpg 360w\" sizes=\"auto, (max-width: 1200px) 100vw, 1200px\" \/><\/a><figcaption class=\"wp-element-caption\">\u00ab Tu te repose d\u00e9j\u00e0 ch\u00e9ri! \u00bb, dit Jos\u00e9e.<br>N 46\u00b0 46.216 W 072\u00b0 49.610&prime;<\/figcaption><\/figure>\n<\/div>\n\n<div class=\"wp-block-image\">\n<figure class=\"aligncenter size-full\"><a href=\"\/wp-content\/uploads\/2023\/05\/DSCN8091.jpg\"><img loading=\"lazy\" decoding=\"async\" width=\"1200\" height=\"900\" src=\"\/wp-content\/uploads\/2023\/05\/DSCN8091.jpg\" alt=\"\" class=\"wp-image-8274\" srcset=\"https:\/\/mahingan.les4as.ca\/wp-content\/uploads\/2023\/05\/DSCN8091.jpg 1200w, https:\/\/mahingan.les4as.ca\/wp-content\/uploads\/2023\/05\/DSCN8091-300x225.jpg 300w, https:\/\/mahingan.les4as.ca\/wp-content\/uploads\/2023\/05\/DSCN8091-1024x768.jpg 1024w, https:\/\/mahingan.les4as.ca\/wp-content\/uploads\/2023\/05\/DSCN8091-768x576.jpg 768w, https:\/\/mahingan.les4as.ca\/wp-content\/uploads\/2023\/05\/DSCN8091-360x270.jpg 360w\" sizes=\"auto, (max-width: 1200px) 100vw, 1200px\" \/><\/a><figcaption class=\"wp-element-caption\">\u00ab Mais non! Je fait juste v\u00e9rifier si le si\u00e8ge est confortable. \u00bb<br>N 46\u00b0 46.216 W 072\u00b0 49.610&prime;<\/figcaption><\/figure>\n<\/div>\n\n<div class=\"wp-block-image\">\n<figure class=\"aligncenter size-full\"><a href=\"\/wp-content\/uploads\/2023\/05\/DSCN8095.jpg\"><img loading=\"lazy\" decoding=\"async\" width=\"1200\" height=\"900\" src=\"\/wp-content\/uploads\/2023\/05\/DSCN8095.jpg\" alt=\"\" class=\"wp-image-8275\" srcset=\"https:\/\/mahingan.les4as.ca\/wp-content\/uploads\/2023\/05\/DSCN8095.jpg 1200w, https:\/\/mahingan.les4as.ca\/wp-content\/uploads\/2023\/05\/DSCN8095-300x225.jpg 300w, https:\/\/mahingan.les4as.ca\/wp-content\/uploads\/2023\/05\/DSCN8095-1024x768.jpg 1024w, https:\/\/mahingan.les4as.ca\/wp-content\/uploads\/2023\/05\/DSCN8095-768x576.jpg 768w, https:\/\/mahingan.les4as.ca\/wp-content\/uploads\/2023\/05\/DSCN8095-360x270.jpg 360w\" sizes=\"auto, (max-width: 1200px) 100vw, 1200px\" \/><\/a><figcaption class=\"wp-element-caption\">La muraille est impressionnante.<br>N 46\u00b0 46.216 W 072\u00b0 49.610&prime;<\/figcaption><\/figure>\n<\/div>\n\n<div class=\"wp-block-image\">\n<figure class=\"aligncenter size-full\"><a href=\"\/wp-content\/uploads\/2023\/05\/DSCN8096.jpg\"><img loading=\"lazy\" decoding=\"async\" width=\"1200\" height=\"900\" src=\"\/wp-content\/uploads\/2023\/05\/DSCN8096.jpg\" alt=\"\" class=\"wp-image-8276\" srcset=\"https:\/\/mahingan.les4as.ca\/wp-content\/uploads\/2023\/05\/DSCN8096.jpg 1200w, https:\/\/mahingan.les4as.ca\/wp-content\/uploads\/2023\/05\/DSCN8096-300x225.jpg 300w, https:\/\/mahingan.les4as.ca\/wp-content\/uploads\/2023\/05\/DSCN8096-1024x768.jpg 1024w, https:\/\/mahingan.les4as.ca\/wp-content\/uploads\/2023\/05\/DSCN8096-768x576.jpg 768w, https:\/\/mahingan.les4as.ca\/wp-content\/uploads\/2023\/05\/DSCN8096-360x270.jpg 360w\" sizes=\"auto, (max-width: 1200px) 100vw, 1200px\" \/><\/a><figcaption class=\"wp-element-caption\">Le sentier.<br>N 46\u00b0 46.216 W 072\u00b0 49.610&prime;<\/figcaption><\/figure>\n<\/div>\n\n<div class=\"wp-block-image\">\n<figure class=\"aligncenter size-full\"><a href=\"\/wp-content\/uploads\/2023\/05\/DSCN8098.jpg\"><img loading=\"lazy\" decoding=\"async\" width=\"1200\" height=\"900\" src=\"\/wp-content\/uploads\/2023\/05\/DSCN8098.jpg\" alt=\"\" class=\"wp-image-8277\" srcset=\"https:\/\/mahingan.les4as.ca\/wp-content\/uploads\/2023\/05\/DSCN8098.jpg 1200w, https:\/\/mahingan.les4as.ca\/wp-content\/uploads\/2023\/05\/DSCN8098-300x225.jpg 300w, https:\/\/mahingan.les4as.ca\/wp-content\/uploads\/2023\/05\/DSCN8098-1024x768.jpg 1024w, https:\/\/mahingan.les4as.ca\/wp-content\/uploads\/2023\/05\/DSCN8098-768x576.jpg 768w, https:\/\/mahingan.les4as.ca\/wp-content\/uploads\/2023\/05\/DSCN8098-360x270.jpg 360w\" sizes=\"auto, (max-width: 1200px) 100vw, 1200px\" \/><\/a><figcaption class=\"wp-element-caption\">Un point du vue sur la r\u00e9gion.<br>N 46\u00b0 46.188 W 072\u00b0 49.582&prime;<\/figcaption><\/figure>\n<\/div>\n\n<div class=\"wp-block-image\">\n<figure class=\"aligncenter size-full\"><a href=\"\/wp-content\/uploads\/2023\/05\/DSCN8099.jpg\"><img loading=\"lazy\" decoding=\"async\" width=\"1200\" height=\"900\" src=\"\/wp-content\/uploads\/2023\/05\/DSCN8099.jpg\" alt=\"\" class=\"wp-image-8278\" srcset=\"https:\/\/mahingan.les4as.ca\/wp-content\/uploads\/2023\/05\/DSCN8099.jpg 1200w, https:\/\/mahingan.les4as.ca\/wp-content\/uploads\/2023\/05\/DSCN8099-300x225.jpg 300w, https:\/\/mahingan.les4as.ca\/wp-content\/uploads\/2023\/05\/DSCN8099-1024x768.jpg 1024w, https:\/\/mahingan.les4as.ca\/wp-content\/uploads\/2023\/05\/DSCN8099-768x576.jpg 768w, https:\/\/mahingan.les4as.ca\/wp-content\/uploads\/2023\/05\/DSCN8099-360x270.jpg 360w\" sizes=\"auto, (max-width: 1200px) 100vw, 1200px\" \/><\/a><figcaption class=\"wp-element-caption\">Un point de vue sur le lac Noir.<br>N 46\u00b0 46.428 W 072\u00b0 49.619&prime;<\/figcaption><\/figure>\n<\/div>\n\n<div class=\"wp-block-image\">\n<figure class=\"aligncenter size-full\"><a href=\"\/wp-content\/uploads\/2023\/05\/DSCN8100.jpg\"><img loading=\"lazy\" decoding=\"async\" width=\"1200\" height=\"900\" src=\"\/wp-content\/uploads\/2023\/05\/DSCN8100.jpg\" alt=\"\" class=\"wp-image-8279\" srcset=\"https:\/\/mahingan.les4as.ca\/wp-content\/uploads\/2023\/05\/DSCN8100.jpg 1200w, https:\/\/mahingan.les4as.ca\/wp-content\/uploads\/2023\/05\/DSCN8100-300x225.jpg 300w, https:\/\/mahingan.les4as.ca\/wp-content\/uploads\/2023\/05\/DSCN8100-1024x768.jpg 1024w, https:\/\/mahingan.les4as.ca\/wp-content\/uploads\/2023\/05\/DSCN8100-768x576.jpg 768w, https:\/\/mahingan.les4as.ca\/wp-content\/uploads\/2023\/05\/DSCN8100-360x270.jpg 360w\" sizes=\"auto, (max-width: 1200px) 100vw, 1200px\" \/><\/a><figcaption class=\"wp-element-caption\">Le lac noir.<br>N 46\u00b0 46.428 W 072\u00b0 49.619&prime;<\/figcaption><\/figure>\n<\/div>\n\n<div class=\"wp-block-image\">\n<figure class=\"aligncenter size-full\"><a href=\"\/wp-content\/uploads\/2023\/05\/DSCN8101.jpg\"><img loading=\"lazy\" decoding=\"async\" width=\"1200\" height=\"900\" src=\"\/wp-content\/uploads\/2023\/05\/DSCN8101.jpg\" alt=\"\" class=\"wp-image-8280\" srcset=\"https:\/\/mahingan.les4as.ca\/wp-content\/uploads\/2023\/05\/DSCN8101.jpg 1200w, https:\/\/mahingan.les4as.ca\/wp-content\/uploads\/2023\/05\/DSCN8101-300x225.jpg 300w, https:\/\/mahingan.les4as.ca\/wp-content\/uploads\/2023\/05\/DSCN8101-1024x768.jpg 1024w, https:\/\/mahingan.les4as.ca\/wp-content\/uploads\/2023\/05\/DSCN8101-768x576.jpg 768w, https:\/\/mahingan.les4as.ca\/wp-content\/uploads\/2023\/05\/DSCN8101-360x270.jpg 360w\" sizes=\"auto, (max-width: 1200px) 100vw, 1200px\" \/><\/a><figcaption class=\"wp-element-caption\">Le sentier pr\u00e8s du point d&rsquo;observation pour le lac Noir.<br>N 46\u00b0 46.428 W 072\u00b0 49.619&prime;<\/figcaption><\/figure>\n<\/div>\n\n<div class=\"wp-block-image\">\n<figure class=\"aligncenter size-full\"><a href=\"\/wp-content\/uploads\/2023\/05\/DSCN8102.jpg\"><img loading=\"lazy\" decoding=\"async\" width=\"1200\" height=\"900\" src=\"\/wp-content\/uploads\/2023\/05\/DSCN8102.jpg\" alt=\"\" class=\"wp-image-8281\" srcset=\"https:\/\/mahingan.les4as.ca\/wp-content\/uploads\/2023\/05\/DSCN8102.jpg 1200w, https:\/\/mahingan.les4as.ca\/wp-content\/uploads\/2023\/05\/DSCN8102-300x225.jpg 300w, https:\/\/mahingan.les4as.ca\/wp-content\/uploads\/2023\/05\/DSCN8102-1024x768.jpg 1024w, https:\/\/mahingan.les4as.ca\/wp-content\/uploads\/2023\/05\/DSCN8102-768x576.jpg 768w, https:\/\/mahingan.les4as.ca\/wp-content\/uploads\/2023\/05\/DSCN8102-360x270.jpg 360w\" sizes=\"auto, (max-width: 1200px) 100vw, 1200px\" \/><\/a><figcaption class=\"wp-element-caption\">Le sentier pr\u00e8s du point d&rsquo;observation pour le lac Noir.<br>N 46\u00b0 46.428 W 072\u00b0 49.619&prime;<\/figcaption><\/figure>\n<\/div>\n\n<div class=\"wp-block-image\">\n<figure class=\"aligncenter size-full\"><a href=\"\/wp-content\/uploads\/2023\/05\/DSCN8104.jpg\"><img loading=\"lazy\" decoding=\"async\" width=\"1200\" height=\"900\" src=\"\/wp-content\/uploads\/2023\/05\/DSCN8104.jpg\" alt=\"\" class=\"wp-image-8283\" srcset=\"https:\/\/mahingan.les4as.ca\/wp-content\/uploads\/2023\/05\/DSCN8104.jpg 1200w, https:\/\/mahingan.les4as.ca\/wp-content\/uploads\/2023\/05\/DSCN8104-300x225.jpg 300w, https:\/\/mahingan.les4as.ca\/wp-content\/uploads\/2023\/05\/DSCN8104-1024x768.jpg 1024w, https:\/\/mahingan.les4as.ca\/wp-content\/uploads\/2023\/05\/DSCN8104-768x576.jpg 768w, https:\/\/mahingan.les4as.ca\/wp-content\/uploads\/2023\/05\/DSCN8104-360x270.jpg 360w\" sizes=\"auto, (max-width: 1200px) 100vw, 1200px\" \/><\/a><figcaption class=\"wp-element-caption\">La rivi\u00e8re qui d\u00e9charge le lac de la Dame.<br>Je me positionne au beau milieu sur la roche qui devrait normalement \u00eatre sous l&rsquo;eau.<br>N 46\u00b0 47.580 W 072\u00b0 49.406&prime;<\/figcaption><\/figure>\n<\/div>\n\n<div class=\"wp-block-image\">\n<figure class=\"aligncenter size-full\"><a href=\"\/wp-content\/uploads\/2023\/05\/DSCN8103.jpg\"><img loading=\"lazy\" decoding=\"async\" width=\"1200\" height=\"900\" src=\"\/wp-content\/uploads\/2023\/05\/DSCN8103.jpg\" alt=\"\" class=\"wp-image-8282\" srcset=\"https:\/\/mahingan.les4as.ca\/wp-content\/uploads\/2023\/05\/DSCN8103.jpg 1200w, https:\/\/mahingan.les4as.ca\/wp-content\/uploads\/2023\/05\/DSCN8103-300x225.jpg 300w, https:\/\/mahingan.les4as.ca\/wp-content\/uploads\/2023\/05\/DSCN8103-1024x768.jpg 1024w, https:\/\/mahingan.les4as.ca\/wp-content\/uploads\/2023\/05\/DSCN8103-768x576.jpg 768w, https:\/\/mahingan.les4as.ca\/wp-content\/uploads\/2023\/05\/DSCN8103-360x270.jpg 360w\" sizes=\"auto, (max-width: 1200px) 100vw, 1200px\" \/><\/a><figcaption class=\"wp-element-caption\">La rivi\u00e8re qui d\u00e9charge le lac de la Dame en amont de ma position.<br>N 46\u00b0 47.580 W 072\u00b0 49.406&prime;<\/figcaption><\/figure>\n<\/div>\n\n<div class=\"wp-block-image\">\n<figure class=\"aligncenter size-full\"><a href=\"\/wp-content\/uploads\/2023\/05\/DSCN8105.jpg\"><img loading=\"lazy\" decoding=\"async\" width=\"1200\" height=\"900\" src=\"\/wp-content\/uploads\/2023\/05\/DSCN8105.jpg\" alt=\"\" class=\"wp-image-8284\" srcset=\"https:\/\/mahingan.les4as.ca\/wp-content\/uploads\/2023\/05\/DSCN8105.jpg 1200w, https:\/\/mahingan.les4as.ca\/wp-content\/uploads\/2023\/05\/DSCN8105-300x225.jpg 300w, https:\/\/mahingan.les4as.ca\/wp-content\/uploads\/2023\/05\/DSCN8105-1024x768.jpg 1024w, https:\/\/mahingan.les4as.ca\/wp-content\/uploads\/2023\/05\/DSCN8105-768x576.jpg 768w, https:\/\/mahingan.les4as.ca\/wp-content\/uploads\/2023\/05\/DSCN8105-360x270.jpg 360w\" sizes=\"auto, (max-width: 1200px) 100vw, 1200px\" \/><\/a><figcaption class=\"wp-element-caption\">La rivi\u00e8re qui d\u00e9charge le lac de la Dame en aval de ma position.<br>N 46\u00b0 47.580 W 072\u00b0 49.406&prime;<\/figcaption><\/figure>\n<\/div>\n\n<div class=\"wp-block-image\">\n<figure class=\"aligncenter size-full\"><a href=\"\/wp-content\/uploads\/2023\/05\/DSCN8110.jpg\"><img loading=\"lazy\" decoding=\"async\" width=\"900\" height=\"1200\" src=\"\/wp-content\/uploads\/2023\/05\/DSCN8110.jpg\" alt=\"\" class=\"wp-image-8292\" srcset=\"https:\/\/mahingan.les4as.ca\/wp-content\/uploads\/2023\/05\/DSCN8110.jpg 900w, https:\/\/mahingan.les4as.ca\/wp-content\/uploads\/2023\/05\/DSCN8110-225x300.jpg 225w, https:\/\/mahingan.les4as.ca\/wp-content\/uploads\/2023\/05\/DSCN8110-768x1024.jpg 768w, https:\/\/mahingan.les4as.ca\/wp-content\/uploads\/2023\/05\/DSCN8110-203x270.jpg 203w\" sizes=\"auto, (max-width: 900px) 100vw, 900px\" \/><\/a><figcaption class=\"wp-element-caption\">Un pont pour traverser la rivi\u00e8re qui d\u00e9charge le lac de la Dame.<br>N 46\u00b0 47.653 W 072\u00b0 49.369&prime;<\/figcaption><\/figure>\n<\/div>\n\n<div class=\"wp-block-image\">\n<figure class=\"aligncenter size-full\"><a href=\"\/wp-content\/uploads\/2023\/05\/DSCN8109.jpg\"><img loading=\"lazy\" decoding=\"async\" width=\"1200\" height=\"900\" src=\"\/wp-content\/uploads\/2023\/05\/DSCN8109.jpg\" alt=\"\" class=\"wp-image-8286\" srcset=\"https:\/\/mahingan.les4as.ca\/wp-content\/uploads\/2023\/05\/DSCN8109.jpg 1200w, https:\/\/mahingan.les4as.ca\/wp-content\/uploads\/2023\/05\/DSCN8109-300x225.jpg 300w, https:\/\/mahingan.les4as.ca\/wp-content\/uploads\/2023\/05\/DSCN8109-1024x768.jpg 1024w, https:\/\/mahingan.les4as.ca\/wp-content\/uploads\/2023\/05\/DSCN8109-768x576.jpg 768w, https:\/\/mahingan.les4as.ca\/wp-content\/uploads\/2023\/05\/DSCN8109-360x270.jpg 360w\" sizes=\"auto, (max-width: 1200px) 100vw, 1200px\" \/><\/a><figcaption class=\"wp-element-caption\">La rivi\u00e8re au niveau du pont.<br>N 46\u00b0 47.653 W 072\u00b0 49.369&prime;<\/figcaption><\/figure>\n<\/div>\n\n<div class=\"wp-block-image\">\n<figure class=\"aligncenter size-full\"><a href=\"\/wp-content\/uploads\/2023\/05\/DSCN8108.jpg\"><img loading=\"lazy\" decoding=\"async\" width=\"1200\" height=\"900\" src=\"\/wp-content\/uploads\/2023\/05\/DSCN8108.jpg\" alt=\"\" class=\"wp-image-8285\" srcset=\"https:\/\/mahingan.les4as.ca\/wp-content\/uploads\/2023\/05\/DSCN8108.jpg 1200w, https:\/\/mahingan.les4as.ca\/wp-content\/uploads\/2023\/05\/DSCN8108-300x225.jpg 300w, https:\/\/mahingan.les4as.ca\/wp-content\/uploads\/2023\/05\/DSCN8108-1024x768.jpg 1024w, https:\/\/mahingan.les4as.ca\/wp-content\/uploads\/2023\/05\/DSCN8108-768x576.jpg 768w, https:\/\/mahingan.les4as.ca\/wp-content\/uploads\/2023\/05\/DSCN8108-360x270.jpg 360w\" sizes=\"auto, (max-width: 1200px) 100vw, 1200px\" \/><\/a><figcaption class=\"wp-element-caption\">La rivi\u00e8re au niveau du pont.<br>N 46\u00b0 47.653 W 072\u00b0 49.369&prime;<\/figcaption><\/figure>\n<\/div>\n\n<div class=\"wp-block-image\">\n<figure class=\"aligncenter size-full\"><a href=\"\/wp-content\/uploads\/2023\/05\/DSCN8111.jpg\"><img loading=\"lazy\" decoding=\"async\" width=\"1200\" height=\"900\" src=\"\/wp-content\/uploads\/2023\/05\/DSCN8111.jpg\" alt=\"\" class=\"wp-image-8293\" srcset=\"https:\/\/mahingan.les4as.ca\/wp-content\/uploads\/2023\/05\/DSCN8111.jpg 1200w, https:\/\/mahingan.les4as.ca\/wp-content\/uploads\/2023\/05\/DSCN8111-300x225.jpg 300w, https:\/\/mahingan.les4as.ca\/wp-content\/uploads\/2023\/05\/DSCN8111-1024x768.jpg 1024w, https:\/\/mahingan.les4as.ca\/wp-content\/uploads\/2023\/05\/DSCN8111-768x576.jpg 768w, https:\/\/mahingan.les4as.ca\/wp-content\/uploads\/2023\/05\/DSCN8111-360x270.jpg 360w\" sizes=\"auto, (max-width: 1200px) 100vw, 1200px\" \/><\/a><figcaption class=\"wp-element-caption\">Un point de vue sur le lac Trudel.<br>N 46\u00b0 47.222 W 072\u00b0 49.247&prime;<\/figcaption><\/figure>\n<\/div>\n\n<div class=\"wp-block-image\">\n<figure class=\"aligncenter size-full\"><a href=\"\/wp-content\/uploads\/2023\/05\/DSCN8112.jpg\"><img loading=\"lazy\" decoding=\"async\" width=\"1200\" height=\"900\" src=\"\/wp-content\/uploads\/2023\/05\/DSCN8112.jpg\" alt=\"\" class=\"wp-image-8294\" srcset=\"https:\/\/mahingan.les4as.ca\/wp-content\/uploads\/2023\/05\/DSCN8112.jpg 1200w, https:\/\/mahingan.les4as.ca\/wp-content\/uploads\/2023\/05\/DSCN8112-300x225.jpg 300w, https:\/\/mahingan.les4as.ca\/wp-content\/uploads\/2023\/05\/DSCN8112-1024x768.jpg 1024w, https:\/\/mahingan.les4as.ca\/wp-content\/uploads\/2023\/05\/DSCN8112-768x576.jpg 768w, https:\/\/mahingan.les4as.ca\/wp-content\/uploads\/2023\/05\/DSCN8112-360x270.jpg 360w\" sizes=\"auto, (max-width: 1200px) 100vw, 1200px\" \/><\/a><figcaption class=\"wp-element-caption\">Le lac Trudel.<br>N 46\u00b0 47.222 W 072\u00b0 49.247&prime;<\/figcaption><\/figure>\n<\/div>\n\n<div class=\"wp-block-image\">\n<figure class=\"aligncenter size-full\"><a href=\"\/wp-content\/uploads\/2023\/05\/DSCN8113.jpg\"><img loading=\"lazy\" decoding=\"async\" width=\"900\" height=\"1200\" src=\"\/wp-content\/uploads\/2023\/05\/DSCN8113.jpg\" alt=\"\" class=\"wp-image-8300\" srcset=\"https:\/\/mahingan.les4as.ca\/wp-content\/uploads\/2023\/05\/DSCN8113.jpg 900w, https:\/\/mahingan.les4as.ca\/wp-content\/uploads\/2023\/05\/DSCN8113-225x300.jpg 225w, https:\/\/mahingan.les4as.ca\/wp-content\/uploads\/2023\/05\/DSCN8113-768x1024.jpg 768w, https:\/\/mahingan.les4as.ca\/wp-content\/uploads\/2023\/05\/DSCN8113-203x270.jpg 203w\" sizes=\"auto, (max-width: 900px) 100vw, 900px\" \/><\/a><figcaption class=\"wp-element-caption\">Jos\u00e9e est comme un aigle perch\u00e9 au sommet et surveillant son territoire.<br>N 46\u00b0 47.132 W 072\u00b0 48.793&prime;<\/figcaption><\/figure>\n<\/div>\n\n<div class=\"wp-block-image\">\n<figure class=\"aligncenter size-full\"><a href=\"\/wp-content\/uploads\/2023\/05\/DSCN8115.jpg\"><img loading=\"lazy\" decoding=\"async\" width=\"1200\" height=\"900\" src=\"\/wp-content\/uploads\/2023\/05\/DSCN8115.jpg\" alt=\"\" class=\"wp-image-8301\" srcset=\"https:\/\/mahingan.les4as.ca\/wp-content\/uploads\/2023\/05\/DSCN8115.jpg 1200w, https:\/\/mahingan.les4as.ca\/wp-content\/uploads\/2023\/05\/DSCN8115-300x225.jpg 300w, https:\/\/mahingan.les4as.ca\/wp-content\/uploads\/2023\/05\/DSCN8115-1024x768.jpg 1024w, https:\/\/mahingan.les4as.ca\/wp-content\/uploads\/2023\/05\/DSCN8115-768x576.jpg 768w, https:\/\/mahingan.les4as.ca\/wp-content\/uploads\/2023\/05\/DSCN8115-360x270.jpg 360w\" sizes=\"auto, (max-width: 1200px) 100vw, 1200px\" \/><\/a><figcaption class=\"wp-element-caption\">La vue que nous avons durant notre d\u00eener, confortablement install\u00e9s sur notre perchoir rocheux!<br>N 46\u00b0 47.132 W 072\u00b0 48.793&prime;<\/figcaption><\/figure>\n<\/div>","protected":false},"excerpt":{"rendered":"<p>R\u00e9sum\u00e9 de la randonn\u00e9e Nous sommes le 5 septembre 2022 et c\u2019est notre derni\u00e8re journ\u00e9e de vacances. Demain, nous revenons \u00e0 la maison. Je demande \u00e0 Jos\u00e9e si nous profitons une derni\u00e8re fois du lac \u00c9douard, ou bien si nous allons parcourir le sentier les Deux-Criques. Elle me r\u00e9pond&nbsp;: \u00ab Les blessures \u00e0 mon pied sont encore apparentes, mais je pense pouvoir randonner si j\u2019utilise des coussinets pour ampoules. \u00bb Et nous voil\u00e0 partis pour un dernier tour de piste!&#8230;<\/p>\n<p class=\"read-more\"><a class=\"btn btn-default\" href=\"https:\/\/mahingan.les4as.ca\/?p=8266\">Lire la suite<span class=\"screen-reader-text\"> Lire la suite<\/span><\/a><\/p>\n","protected":false},"author":1,"featured_media":8300,"comment_status":"open","ping_status":"open","sticky":false,"template":"","format":"standard","meta":{"footnotes":""},"categories":[5,45,3,35],"tags":[16],"class_list":["post-8266","post","type-post","status-publish","format-standard","has-post-thumbnail","hentry","category-mauricie","category-parc-national-de-la-mauricie-randonnees","category-randonnees","category-regions-administratives-du-quebec","tag-randonnee"],"_links":{"self":[{"href":"https:\/\/mahingan.les4as.ca\/index.php?rest_route=\/wp\/v2\/posts\/8266","targetHints":{"allow":["GET"]}}],"collection":[{"href":"https:\/\/mahingan.les4as.ca\/index.php?rest_route=\/wp\/v2\/posts"}],"about":[{"href":"https:\/\/mahingan.les4as.ca\/index.php?rest_route=\/wp\/v2\/types\/post"}],"author":[{"embeddable":true,"href":"https:\/\/mahingan.les4as.ca\/index.php?rest_route=\/wp\/v2\/users\/1"}],"replies":[{"embeddable":true,"href":"https:\/\/mahingan.les4as.ca\/index.php?rest_route=%2Fwp%2Fv2%2Fcomments&post=8266"}],"version-history":[{"count":12,"href":"https:\/\/mahingan.les4as.ca\/index.php?rest_route=\/wp\/v2\/posts\/8266\/revisions"}],"predecessor-version":[{"id":8391,"href":"https:\/\/mahingan.les4as.ca\/index.php?rest_route=\/wp\/v2\/posts\/8266\/revisions\/8391"}],"wp:featuredmedia":[{"embeddable":true,"href":"https:\/\/mahingan.les4as.ca\/index.php?rest_route=\/wp\/v2\/media\/8300"}],"wp:attachment":[{"href":"https:\/\/mahingan.les4as.ca\/index.php?rest_route=%2Fwp%2Fv2%2Fmedia&parent=8266"}],"wp:term":[{"taxonomy":"category","embeddable":true,"href":"https:\/\/mahingan.les4as.ca\/index.php?rest_route=%2Fwp%2Fv2%2Fcategories&post=8266"},{"taxonomy":"post_tag","embeddable":true,"href":"https:\/\/mahingan.les4as.ca\/index.php?rest_route=%2Fwp%2Fv2%2Ftags&post=8266"}],"curies":[{"name":"wp","href":"https:\/\/api.w.org\/{rel}","templated":true}]}}