{"id":7859,"date":"2023-05-03T14:35:23","date_gmt":"2023-05-03T18:35:23","guid":{"rendered":"https:\/\/mahingan.les4as.ca\/?p=7859"},"modified":"2023-05-16T20:00:22","modified_gmt":"2023-05-17T00:00:22","slug":"sentier-le-lac-reid-et-le-point-dobservation-le-passage","status":"publish","type":"post","link":"https:\/\/mahingan.les4as.ca\/?p=7859","title":{"rendered":"Sentier le lac Reid et le point d&rsquo;observation le Passage"},"content":{"rendered":"\n<h1 class=\"wp-block-heading\">R\u00e9sum\u00e9 de la randonn\u00e9e<\/h1>\n\n\n\n<p>Notre derni\u00e8re visite dans le parc national de la Mauricie date de l\u2019\u00e9t\u00e9 2017. Nous sommes arriv\u00e9s le 10 ao\u00fbt 2022 au terrain de camping du lac Wapizagonke et nous esp\u00e9rons avoir la chance d\u2019explorer de nouveaux sentiers durant notre s\u00e9jour. Aujourd\u2019hui, nous allons parcourir le sentier le lac Reid et terminer la journ\u00e9e au point d\u2019observation le Passage. Pour arriver au stationnement le Passage, du terrain de camping du lac Wapizakonge, nous prenons la route du parc en direction de l\u2019entr\u00e9e Saint-Jean-des-Piles.<\/p>\n\n\n\n<p>Apr\u00e8s quelques minutes de marche, il me semble que nous avons d\u00e9j\u00e0 visit\u00e9 ce sentier. J\u2019en ai la confirmation lorsque nous arrivons \u00e0 une jonction dont l\u2019un des chemins est barr\u00e9 par un ruban orange. En effet, le 29 juin 2017, nous l\u2019avions emprunt\u00e9 afin d\u2019explorer le <a href=\"\/?page_id=2075\">sentier le Vieux-Br\u00fblis<\/a>. Malheureusement, ce sentier n\u2019est plus accessible. Il a \u00e9t\u00e9 ferm\u00e9 en 2019. C\u2019est dommage parce que nous l\u2019avions bien appr\u00e9ci\u00e9. Lorsque nous arrivons au lac Reid, le vent souffle assez fort et nous cherchons un endroit pour prendre notre d\u00eener. Nous trouvons un petit trou dans la v\u00e9g\u00e9tation tout pr\u00e8s du rivage pour nous prot\u00e9ger du vent, mais pas des moustiques!<\/p>\n\n\n\n<p>Nous terminons la journ\u00e9e par la visite du point d\u2019observation le Passage, une promenade d\u2019environ 450 m\u00e8tres \u00e0 partir du stationnement qui comprend un joli point de vue sur le lac Wapizagonke.<\/p>\n\n\n\n<h1 class=\"wp-block-heading\">Informations sur la randonn\u00e9e<\/h1>\n\n\n\n<p><strong>Date :<\/strong> 12 ao\u00fbt 2022<\/p>\n\n\n\n<p><strong>M\u00e9t\u00e9o :<\/strong> Nuageux, 22\u00b0C<\/p>\n\n\n\n<p><strong>Distance :<\/strong> 8.6 Kilom\u00e8tres<\/p>\n\n\n\n<p><strong>Stationnement :<\/strong> Stationnement le Passage sur la route du parc national de la Mauricie par l&rsquo;entr\u00e9e Saint-Mathieu.<\/p>\n\n\n\n<p><strong>Coordonn\u00e9e GPS du stationnement :<\/strong> N 46\u00b045.279&prime; W 073\u00b002.844&prime;<\/p>\n\n\n\n<p><strong>Lien vers la carte du sentier :<\/strong> <a href=\"\/wp-content\/uploads\/cartes\/SentiersParcNationalMauricie\/Carte_Lac_Reid.pdf\">Sentier le lac Reid et le point d&rsquo;observation le Passage<\/a><\/p>\n\n\n\n<p><strong>Lien vers le profil du sentier :<\/strong> <a href=\"\/wp-content\/uploads\/2023\/04\/Profil_Sentier_LeLacReid.jpg\">Profil du sentier le lac Reid<\/a><\/p>\n\n\n\n<p><strong>Lien vers le profil du sentier :<\/strong> <a href=\"\/wp-content\/uploads\/2023\/04\/Profil_Sentier_VersLePointDObservationLePassage.jpg\">Profil du sentier vers le point d&rsquo;observation le Passage<\/a><\/p>\n\n\n\n<p><strong>Fichier gpx pour le GPS :<\/strong> <a href=\"\/wp-content\/uploads\/gpx\/Track_Sentier_Le_Lac_Reid.gpx\">Track_Sentier_Le_Lac_Reid.gpx<\/a><\/p>\n\n\n\n<p><strong>Fichier gpx pour le GPS :<\/strong> <a href=\"\/wp-content\/uploads\/gpx\/Track_Sentier_Vers_Le_Point_D_Observation_Le_Passage.gpx\">Track_Sentier_Vers_Le_Point_D_Observation_Le_Passage.gpx<\/a><\/p>\n\n\n\n<p><strong>Parcours :<\/strong> Lin\u00e9aire<\/p>\n\n\n\n<p><strong>Temps total pour la randonn\u00e9e :<\/strong>&nbsp;3 heures 47 minutes<\/p>\n\n\n\n<p><strong>Temps de d\u00e9placement :<\/strong> 2 heures 35 minutes<\/p>\n\n\n\n<p><strong>Temps d&rsquo;arr\u00eat :<\/strong> 1 heure 12 minutes<\/p>\n\n\n<div class=\"wp-block-image\">\n<figure class=\"aligncenter size-full\"><a href=\"\/wp-content\/uploads\/2023\/04\/TraceGPS_Sentier_LeLacReid.jpg\"><img loading=\"lazy\" decoding=\"async\" width=\"1048\" height=\"1355\" src=\"\/wp-content\/uploads\/2023\/04\/TraceGPS_Sentier_LeLacReid.jpg\" alt=\"\" class=\"wp-image-7923\" srcset=\"https:\/\/mahingan.les4as.ca\/wp-content\/uploads\/2023\/04\/TraceGPS_Sentier_LeLacReid.jpg 1048w, https:\/\/mahingan.les4as.ca\/wp-content\/uploads\/2023\/04\/TraceGPS_Sentier_LeLacReid-232x300.jpg 232w, https:\/\/mahingan.les4as.ca\/wp-content\/uploads\/2023\/04\/TraceGPS_Sentier_LeLacReid-792x1024.jpg 792w, https:\/\/mahingan.les4as.ca\/wp-content\/uploads\/2023\/04\/TraceGPS_Sentier_LeLacReid-768x993.jpg 768w, https:\/\/mahingan.les4as.ca\/wp-content\/uploads\/2023\/04\/TraceGPS_Sentier_LeLacReid-209x270.jpg 209w\" sizes=\"auto, (max-width: 1048px) 100vw, 1048px\" \/><\/a><figcaption class=\"wp-element-caption\">Trac\u00e9 GPS de la randonn\u00e9e sur le sentier le lac Reid.<\/figcaption><\/figure>\n<\/div>\n\n<div class=\"wp-block-image\">\n<figure class=\"aligncenter size-full\"><a href=\"\/wp-content\/uploads\/2023\/04\/TraceGPS_Sentier_VersLePointDObservationLePassage.jpg\"><img loading=\"lazy\" decoding=\"async\" width=\"880\" height=\"858\" src=\"\/wp-content\/uploads\/2023\/04\/TraceGPS_Sentier_VersLePointDObservationLePassage.jpg\" alt=\"\" class=\"wp-image-7942\" srcset=\"https:\/\/mahingan.les4as.ca\/wp-content\/uploads\/2023\/04\/TraceGPS_Sentier_VersLePointDObservationLePassage.jpg 880w, https:\/\/mahingan.les4as.ca\/wp-content\/uploads\/2023\/04\/TraceGPS_Sentier_VersLePointDObservationLePassage-300x293.jpg 300w, https:\/\/mahingan.les4as.ca\/wp-content\/uploads\/2023\/04\/TraceGPS_Sentier_VersLePointDObservationLePassage-768x749.jpg 768w, https:\/\/mahingan.les4as.ca\/wp-content\/uploads\/2023\/04\/TraceGPS_Sentier_VersLePointDObservationLePassage-277x270.jpg 277w\" sizes=\"auto, (max-width: 880px) 100vw, 880px\" \/><\/a><figcaption class=\"wp-element-caption\">Trac\u00e9 GPS de la randonn\u00e9e sur le sentier vers le point d&rsquo;observation le Passage.<\/figcaption><\/figure>\n<\/div>\n\n\n<h1 class=\"wp-block-heading\">Photos de la randonn\u00e9e<\/h1>\n\n\n<div class=\"wp-block-image\">\n<figure class=\"aligncenter size-full\"><a href=\"\/wp-content\/uploads\/2023\/04\/DSCN7806.jpg\"><img loading=\"lazy\" decoding=\"async\" width=\"1200\" height=\"900\" src=\"\/wp-content\/uploads\/2023\/04\/DSCN7806.jpg\" alt=\"\" class=\"wp-image-7929\" srcset=\"https:\/\/mahingan.les4as.ca\/wp-content\/uploads\/2023\/04\/DSCN7806.jpg 1200w, https:\/\/mahingan.les4as.ca\/wp-content\/uploads\/2023\/04\/DSCN7806-300x225.jpg 300w, https:\/\/mahingan.les4as.ca\/wp-content\/uploads\/2023\/04\/DSCN7806-1024x768.jpg 1024w, https:\/\/mahingan.les4as.ca\/wp-content\/uploads\/2023\/04\/DSCN7806-768x576.jpg 768w, https:\/\/mahingan.les4as.ca\/wp-content\/uploads\/2023\/04\/DSCN7806-360x270.jpg 360w\" sizes=\"auto, (max-width: 1200px) 100vw, 1200px\" \/><\/a><figcaption class=\"wp-element-caption\">Le d\u00e9but du sentier le lac Reid.<br>N 46\u00b0 45.297&prime; W 073\u00b0 02.829&prime;<\/figcaption><\/figure>\n<\/div>\n\n<div class=\"wp-block-image\">\n<figure class=\"aligncenter size-full\"><a href=\"\/wp-content\/uploads\/2023\/04\/DSCN7807.jpg\"><img loading=\"lazy\" decoding=\"async\" width=\"1200\" height=\"900\" src=\"\/wp-content\/uploads\/2023\/04\/DSCN7807.jpg\" alt=\"\" class=\"wp-image-7930\" srcset=\"https:\/\/mahingan.les4as.ca\/wp-content\/uploads\/2023\/04\/DSCN7807.jpg 1200w, https:\/\/mahingan.les4as.ca\/wp-content\/uploads\/2023\/04\/DSCN7807-300x225.jpg 300w, https:\/\/mahingan.les4as.ca\/wp-content\/uploads\/2023\/04\/DSCN7807-1024x768.jpg 1024w, https:\/\/mahingan.les4as.ca\/wp-content\/uploads\/2023\/04\/DSCN7807-768x576.jpg 768w, https:\/\/mahingan.les4as.ca\/wp-content\/uploads\/2023\/04\/DSCN7807-360x270.jpg 360w\" sizes=\"auto, (max-width: 1200px) 100vw, 1200px\" \/><\/a><figcaption class=\"wp-element-caption\">Le sentier le lac Reid.<br>N 46\u00b0 45.799&prime; W 073\u00b0 02.678&prime;<\/figcaption><\/figure>\n<\/div>\n\n<div class=\"wp-block-image\">\n<figure class=\"aligncenter size-full\"><a href=\"\/wp-content\/uploads\/2023\/04\/DSCN7808.jpg\"><img loading=\"lazy\" decoding=\"async\" width=\"900\" height=\"1200\" src=\"\/wp-content\/uploads\/2023\/04\/DSCN7808.jpg\" alt=\"\" class=\"wp-image-7931\" srcset=\"https:\/\/mahingan.les4as.ca\/wp-content\/uploads\/2023\/04\/DSCN7808.jpg 900w, https:\/\/mahingan.les4as.ca\/wp-content\/uploads\/2023\/04\/DSCN7808-225x300.jpg 225w, https:\/\/mahingan.les4as.ca\/wp-content\/uploads\/2023\/04\/DSCN7808-768x1024.jpg 768w, https:\/\/mahingan.les4as.ca\/wp-content\/uploads\/2023\/04\/DSCN7808-203x270.jpg 203w\" sizes=\"auto, (max-width: 900px) 100vw, 900px\" \/><\/a><figcaption class=\"wp-element-caption\">Une \u00e9chelle de sol!<br>N 46\u00b0 45.297&prime; W 073\u00b0 02.829&prime;<\/figcaption><\/figure>\n<\/div>\n\n<div class=\"wp-block-image\">\n<figure class=\"aligncenter size-full\"><a href=\"\/wp-content\/uploads\/2023\/04\/DSCN7810.jpg\"><img loading=\"lazy\" decoding=\"async\" width=\"1200\" height=\"900\" src=\"\/wp-content\/uploads\/2023\/04\/DSCN7810.jpg\" alt=\"\" class=\"wp-image-7932\" srcset=\"https:\/\/mahingan.les4as.ca\/wp-content\/uploads\/2023\/04\/DSCN7810.jpg 1200w, https:\/\/mahingan.les4as.ca\/wp-content\/uploads\/2023\/04\/DSCN7810-300x225.jpg 300w, https:\/\/mahingan.les4as.ca\/wp-content\/uploads\/2023\/04\/DSCN7810-1024x768.jpg 1024w, https:\/\/mahingan.les4as.ca\/wp-content\/uploads\/2023\/04\/DSCN7810-768x576.jpg 768w, https:\/\/mahingan.les4as.ca\/wp-content\/uploads\/2023\/04\/DSCN7810-360x270.jpg 360w\" sizes=\"auto, (max-width: 1200px) 100vw, 1200px\" \/><\/a><figcaption class=\"wp-element-caption\">Acc\u00e8s interdit vers l&rsquo;ancien sentier le Vieux-Br\u00fblis.<br>N 46\u00b0 46.223&prime; W 073\u00b0 01.909&prime;<\/figcaption><\/figure>\n<\/div>\n\n<div class=\"wp-block-image\">\n<figure class=\"aligncenter size-full\"><a href=\"\/wp-content\/uploads\/2023\/04\/DSCN7812.jpg\"><img loading=\"lazy\" decoding=\"async\" width=\"1200\" height=\"900\" src=\"\/wp-content\/uploads\/2023\/04\/DSCN7812.jpg\" alt=\"\" class=\"wp-image-7933\" srcset=\"https:\/\/mahingan.les4as.ca\/wp-content\/uploads\/2023\/04\/DSCN7812.jpg 1200w, https:\/\/mahingan.les4as.ca\/wp-content\/uploads\/2023\/04\/DSCN7812-300x225.jpg 300w, https:\/\/mahingan.les4as.ca\/wp-content\/uploads\/2023\/04\/DSCN7812-1024x768.jpg 1024w, https:\/\/mahingan.les4as.ca\/wp-content\/uploads\/2023\/04\/DSCN7812-768x576.jpg 768w, https:\/\/mahingan.les4as.ca\/wp-content\/uploads\/2023\/04\/DSCN7812-360x270.jpg 360w\" sizes=\"auto, (max-width: 1200px) 100vw, 1200px\" \/><\/a><figcaption class=\"wp-element-caption\">En direction du lac Reid.<br>N 46\u00b0 46.223&prime; W 073\u00b0 01.909&prime;<\/figcaption><\/figure>\n<\/div>\n\n<div class=\"wp-block-image\">\n<figure class=\"aligncenter size-full\"><a href=\"\/wp-content\/uploads\/2023\/04\/DSCN7817-DSCN7815.jpg\"><img loading=\"lazy\" decoding=\"async\" width=\"1200\" height=\"385\" src=\"\/wp-content\/uploads\/2023\/04\/DSCN7817-DSCN7815.jpg\" alt=\"\" class=\"wp-image-7935\" srcset=\"https:\/\/mahingan.les4as.ca\/wp-content\/uploads\/2023\/04\/DSCN7817-DSCN7815.jpg 1200w, https:\/\/mahingan.les4as.ca\/wp-content\/uploads\/2023\/04\/DSCN7817-DSCN7815-300x96.jpg 300w, https:\/\/mahingan.les4as.ca\/wp-content\/uploads\/2023\/04\/DSCN7817-DSCN7815-1024x329.jpg 1024w, https:\/\/mahingan.les4as.ca\/wp-content\/uploads\/2023\/04\/DSCN7817-DSCN7815-768x246.jpg 768w, https:\/\/mahingan.les4as.ca\/wp-content\/uploads\/2023\/04\/DSCN7817-DSCN7815-604x194.jpg 604w\" sizes=\"auto, (max-width: 1200px) 100vw, 1200px\" \/><\/a><figcaption class=\"wp-element-caption\">Le lac Reid.<br>N 46\u00b0 46.928&prime; W 073\u00b0 01.962&prime;<\/figcaption><\/figure>\n<\/div>\n\n\n<figure class=\"wp-block-video aligncenter\"><video height=\"270\" style=\"aspect-ratio: 480 \/ 270;\" width=\"480\" controls src=\"\/wp-content\/uploads\/2023\/04\/DSCN7813_480_FPS20_BR640.mov\"><\/video><figcaption class=\"wp-element-caption\">Le lac Reid.<br>N 46\u00b0 46.928&prime; W 073\u00b0 01.962&prime;<\/figcaption><\/figure>\n\n\n<div class=\"wp-block-image\">\n<figure class=\"aligncenter size-full\"><a href=\"\/wp-content\/uploads\/2023\/04\/DSCN7821.jpg\"><img loading=\"lazy\" decoding=\"async\" width=\"1200\" height=\"900\" src=\"\/wp-content\/uploads\/2023\/04\/DSCN7821.jpg\" alt=\"\" class=\"wp-image-7936\" srcset=\"https:\/\/mahingan.les4as.ca\/wp-content\/uploads\/2023\/04\/DSCN7821.jpg 1200w, https:\/\/mahingan.les4as.ca\/wp-content\/uploads\/2023\/04\/DSCN7821-300x225.jpg 300w, https:\/\/mahingan.les4as.ca\/wp-content\/uploads\/2023\/04\/DSCN7821-1024x768.jpg 1024w, https:\/\/mahingan.les4as.ca\/wp-content\/uploads\/2023\/04\/DSCN7821-768x576.jpg 768w, https:\/\/mahingan.les4as.ca\/wp-content\/uploads\/2023\/04\/DSCN7821-360x270.jpg 360w\" sizes=\"auto, (max-width: 1200px) 100vw, 1200px\" \/><\/a><figcaption class=\"wp-element-caption\">Le repas du midi sur le bord du lac Reid.<br>N 46\u00b0 46.928&prime; W 073\u00b0 01.962&prime;<\/figcaption><\/figure>\n<\/div>\n\n<div class=\"wp-block-image\">\n<figure class=\"aligncenter size-full\"><a href=\"\/wp-content\/uploads\/2023\/04\/DSCN7822.jpg\"><img loading=\"lazy\" decoding=\"async\" width=\"1200\" height=\"900\" src=\"\/wp-content\/uploads\/2023\/04\/DSCN7822.jpg\" alt=\"\" class=\"wp-image-7943\" srcset=\"https:\/\/mahingan.les4as.ca\/wp-content\/uploads\/2023\/04\/DSCN7822.jpg 1200w, https:\/\/mahingan.les4as.ca\/wp-content\/uploads\/2023\/04\/DSCN7822-300x225.jpg 300w, https:\/\/mahingan.les4as.ca\/wp-content\/uploads\/2023\/04\/DSCN7822-1024x768.jpg 1024w, https:\/\/mahingan.les4as.ca\/wp-content\/uploads\/2023\/04\/DSCN7822-768x576.jpg 768w, https:\/\/mahingan.les4as.ca\/wp-content\/uploads\/2023\/04\/DSCN7822-360x270.jpg 360w\" sizes=\"auto, (max-width: 1200px) 100vw, 1200px\" \/><\/a><figcaption class=\"wp-element-caption\">Le d\u00e9but du sentier vers le point d&rsquo;observation le Passage.<br>N 46\u00b0 45.267&prime; W 073\u00b0 02.870&prime;<\/figcaption><\/figure>\n<\/div>\n\n<div class=\"wp-block-image\">\n<figure class=\"aligncenter size-full\"><a href=\"\/wp-content\/uploads\/2023\/04\/DSCN7824.jpg\"><img loading=\"lazy\" decoding=\"async\" width=\"1200\" height=\"900\" src=\"\/wp-content\/uploads\/2023\/04\/DSCN7824.jpg\" alt=\"\" class=\"wp-image-7945\" srcset=\"https:\/\/mahingan.les4as.ca\/wp-content\/uploads\/2023\/04\/DSCN7824.jpg 1200w, https:\/\/mahingan.les4as.ca\/wp-content\/uploads\/2023\/04\/DSCN7824-300x225.jpg 300w, https:\/\/mahingan.les4as.ca\/wp-content\/uploads\/2023\/04\/DSCN7824-1024x768.jpg 1024w, https:\/\/mahingan.les4as.ca\/wp-content\/uploads\/2023\/04\/DSCN7824-768x576.jpg 768w, https:\/\/mahingan.les4as.ca\/wp-content\/uploads\/2023\/04\/DSCN7824-360x270.jpg 360w\" sizes=\"auto, (max-width: 1200px) 100vw, 1200px\" \/><\/a><figcaption class=\"wp-element-caption\">Le lac Wapizagonke vu du point d&rsquo;observation le Passage (nord).<br>N 46\u00b0 45.277&prime; W 073\u00b0 02.925&prime;<\/figcaption><\/figure>\n<\/div>\n\n<div class=\"wp-block-image\">\n<figure class=\"aligncenter size-full\"><a href=\"\/wp-content\/uploads\/2023\/04\/DSCN7825.jpg\"><img loading=\"lazy\" decoding=\"async\" width=\"1200\" height=\"900\" src=\"\/wp-content\/uploads\/2023\/04\/DSCN7825.jpg\" alt=\"\" class=\"wp-image-7946\" srcset=\"https:\/\/mahingan.les4as.ca\/wp-content\/uploads\/2023\/04\/DSCN7825.jpg 1200w, https:\/\/mahingan.les4as.ca\/wp-content\/uploads\/2023\/04\/DSCN7825-300x225.jpg 300w, https:\/\/mahingan.les4as.ca\/wp-content\/uploads\/2023\/04\/DSCN7825-1024x768.jpg 1024w, https:\/\/mahingan.les4as.ca\/wp-content\/uploads\/2023\/04\/DSCN7825-768x576.jpg 768w, https:\/\/mahingan.les4as.ca\/wp-content\/uploads\/2023\/04\/DSCN7825-360x270.jpg 360w\" sizes=\"auto, (max-width: 1200px) 100vw, 1200px\" \/><\/a><figcaption class=\"wp-element-caption\">Le lac Wapizagonke vu du point d&rsquo;observation le Passage (sud).<br>N 46\u00b0 45.233&prime; W 073\u00b0 02.884&prime;<\/figcaption><\/figure>\n<\/div>","protected":false},"excerpt":{"rendered":"<p>R\u00e9sum\u00e9 de la randonn\u00e9e Notre derni\u00e8re visite dans le parc national de la Mauricie date de l\u2019\u00e9t\u00e9 2017. Nous sommes arriv\u00e9s le 10 ao\u00fbt 2022 au terrain de camping du lac Wapizagonke et nous esp\u00e9rons avoir la chance d\u2019explorer de nouveaux sentiers durant notre s\u00e9jour. Aujourd\u2019hui, nous allons parcourir le sentier le lac Reid et terminer la journ\u00e9e au point d\u2019observation le Passage. Pour arriver au stationnement le Passage, du terrain de camping du lac Wapizakonge, nous prenons la route&#8230;<\/p>\n<p class=\"read-more\"><a class=\"btn btn-default\" href=\"https:\/\/mahingan.les4as.ca\/?p=7859\">Lire la suite<span class=\"screen-reader-text\"> Lire la suite<\/span><\/a><\/p>\n","protected":false},"author":1,"featured_media":7936,"comment_status":"open","ping_status":"open","sticky":false,"template":"","format":"standard","meta":{"footnotes":""},"categories":[5,45,3,35],"tags":[16],"class_list":["post-7859","post","type-post","status-publish","format-standard","has-post-thumbnail","hentry","category-mauricie","category-parc-national-de-la-mauricie-randonnees","category-randonnees","category-regions-administratives-du-quebec","tag-randonnee"],"_links":{"self":[{"href":"https:\/\/mahingan.les4as.ca\/index.php?rest_route=\/wp\/v2\/posts\/7859","targetHints":{"allow":["GET"]}}],"collection":[{"href":"https:\/\/mahingan.les4as.ca\/index.php?rest_route=\/wp\/v2\/posts"}],"about":[{"href":"https:\/\/mahingan.les4as.ca\/index.php?rest_route=\/wp\/v2\/types\/post"}],"author":[{"embeddable":true,"href":"https:\/\/mahingan.les4as.ca\/index.php?rest_route=\/wp\/v2\/users\/1"}],"replies":[{"embeddable":true,"href":"https:\/\/mahingan.les4as.ca\/index.php?rest_route=%2Fwp%2Fv2%2Fcomments&post=7859"}],"version-history":[{"count":14,"href":"https:\/\/mahingan.les4as.ca\/index.php?rest_route=\/wp\/v2\/posts\/7859\/revisions"}],"predecessor-version":[{"id":8021,"href":"https:\/\/mahingan.les4as.ca\/index.php?rest_route=\/wp\/v2\/posts\/7859\/revisions\/8021"}],"wp:featuredmedia":[{"embeddable":true,"href":"https:\/\/mahingan.les4as.ca\/index.php?rest_route=\/wp\/v2\/media\/7936"}],"wp:attachment":[{"href":"https:\/\/mahingan.les4as.ca\/index.php?rest_route=%2Fwp%2Fv2%2Fmedia&parent=7859"}],"wp:term":[{"taxonomy":"category","embeddable":true,"href":"https:\/\/mahingan.les4as.ca\/index.php?rest_route=%2Fwp%2Fv2%2Fcategories&post=7859"},{"taxonomy":"post_tag","embeddable":true,"href":"https:\/\/mahingan.les4as.ca\/index.php?rest_route=%2Fwp%2Fv2%2Ftags&post=7859"}],"curies":[{"name":"wp","href":"https:\/\/api.w.org\/{rel}","templated":true}]}}