{"id":7674,"date":"2023-03-27T17:02:58","date_gmt":"2023-03-27T21:02:58","guid":{"rendered":"https:\/\/mahingan.les4as.ca\/?p=7674"},"modified":"2023-04-10T07:35:31","modified_gmt":"2023-04-10T11:35:31","slug":"sentier-la-paroi-aux-faucons","status":"publish","type":"post","link":"https:\/\/mahingan.les4as.ca\/?p=7674","title":{"rendered":"Sentier la Paroi-aux-Faucons"},"content":{"rendered":"\n<h1 class=\"wp-block-heading\">R\u00e9sum\u00e9 de la randonn\u00e9e<\/h1>\n\n\n\n<p>Apr\u00e8s avoir explor\u00e9 le sentier l\u2019Inukshuk, le sentier la Paroi-aux-Faucons est notre deuxi\u00e8me objectif pour aujourd\u2019hui. Lorsque nous arrivons au stationnement pour le sentier la Paroi-aux-Faucons, nous remarquons un sentier qui se dirige vers le stationnement pour le sentier de l\u2019Inukshuk. Ce sentier n\u2019est pas sur la carte et il semble peu emprunt\u00e9. Ce serait une bonne id\u00e9e de relier le sentier l\u2019Inukshuk au sentier la Paroi-aux-Faucons, car j\u2019estime qu\u2019ils sont d\u2019\u00e0 peine 700 m\u00e8tres. Nous d\u00e9cidons de ne pas l\u2019explorer et d\u2019aller directement en direction du sentier la Paroi-aux-Faucons.<\/p>\n\n\n\n<p>Le sentier est une petite boucle de moins de 2 kilom\u00e8tres et il nous m\u00e8ne au sommet de la falaise qui longe le lac T\u00e9miscamingue. Encore une fois, la vue est magnifique. Nous prenons le temps de nous arr\u00eater et de nous installer \u00e0 une table de pique-nique pour prendre une collation. Nous sommes seuls et nous avons l\u2019impression que le temps s\u2019arr\u00eate. Le soleil nous r\u00e9chauffe, le vent nous temp\u00e8re et nos regards se perdent dans l\u2019immensit\u00e9 du lac T\u00e9miscamingue.<\/p>\n\n\n\n<p>Voil\u00e0 comment se termine notre journ\u00e9e de randonn\u00e9es. Nous rebroussons chemin en direction du stationnement et demain sera une nouvelle aventure!<\/p>\n\n\n\n<h1 class=\"wp-block-heading\">Informations sur la randonn\u00e9e<\/h1>\n\n\n\n<p><strong>Date :<\/strong> 22 juillet 2022<\/p>\n\n\n\n<p><strong>M\u00e9t\u00e9o :<\/strong> Alternance de soleil et de nuages. 30% de probabilit\u00e9s d&rsquo;averses en apr\u00e8s-midi avec risque d&rsquo;un orage, 25\u00b0C. Facteur humidex, 28\u00b0C.<\/p>\n\n\n\n<p><strong>Distance :<\/strong> 1.4 Kilom\u00e8tre<\/p>\n\n\n\n<p><strong>Stationnement :<\/strong> Stationnement de la Paroi-aux-Faucons. Acc\u00e8s par le chemin de la rivi\u00e8re Kipawa.<\/p>\n\n\n\n<p><strong>Coordonn\u00e9e GPS du stationnement :<\/strong> N 47\u00b002.378&prime; W 079\u00b022.438&prime;<\/p>\n\n\n\n<p><strong>Lien vers la carte du sentier :<\/strong> <a href=\"\/wp-content\/uploads\/cartes\/SentiersParcNationalDOpemican\/ope_carte_generale.pdf\">Sentier la Paroi-aux-Faucons<\/a><\/p>\n\n\n\n<p><strong>Lien vers le profil du sentier :<\/strong> <a href=\"\/wp-content\/uploads\/2023\/03\/Profil_SentierLaParoiAuxFaucons.jpg\">Profil du sentier la Paroi-aux-Faucons<\/a><\/p>\n\n\n\n<p><strong>Fichier gpx pour le GPS :<\/strong> <a href=\"\/wp-content\/uploads\/gpx\/Track_Sentier_La_Paroi_Aux_Faucons.gpx\">Track_Sentier_La_Paroi_Aux_Faucons.gpx<\/a><\/p>\n\n\n\n<p><strong>Parcours :<\/strong> Boucle<\/p>\n\n\n\n<p><strong>Temps total pour la randonn\u00e9e :<\/strong>&nbsp;52 minutes<\/p>\n\n\n\n<p><strong>Temps de d\u00e9placement :<\/strong> 21 minutes<\/p>\n\n\n\n<p><strong>Temps d&rsquo;arr\u00eat :<\/strong> 31 minutes<\/p>\n\n\n<div class=\"wp-block-image\">\n<figure class=\"aligncenter size-full\"><a href=\"\/wp-content\/uploads\/2023\/03\/TraceGPS_SentierLaParoiAuxFaucons.jpg\"><img loading=\"lazy\" decoding=\"async\" width=\"815\" height=\"876\" src=\"\/wp-content\/uploads\/2023\/03\/TraceGPS_SentierLaParoiAuxFaucons.jpg\" alt=\"\" class=\"wp-image-7725\" srcset=\"https:\/\/mahingan.les4as.ca\/wp-content\/uploads\/2023\/03\/TraceGPS_SentierLaParoiAuxFaucons.jpg 815w, https:\/\/mahingan.les4as.ca\/wp-content\/uploads\/2023\/03\/TraceGPS_SentierLaParoiAuxFaucons-279x300.jpg 279w, https:\/\/mahingan.les4as.ca\/wp-content\/uploads\/2023\/03\/TraceGPS_SentierLaParoiAuxFaucons-768x825.jpg 768w, https:\/\/mahingan.les4as.ca\/wp-content\/uploads\/2023\/03\/TraceGPS_SentierLaParoiAuxFaucons-251x270.jpg 251w\" sizes=\"auto, (max-width: 815px) 100vw, 815px\" \/><\/a><figcaption class=\"wp-element-caption\">Trac\u00e9 GPS de la randonn\u00e9e sur le sentier la Paroi-aux-Faucons.<\/figcaption><\/figure>\n<\/div>\n\n\n<h1 class=\"wp-block-heading\">Photos de la randonn\u00e9e<\/h1>\n\n\n<div class=\"wp-block-image\">\n<figure class=\"aligncenter size-full\"><a href=\"\/wp-content\/uploads\/2023\/03\/DSCN7659.jpg\"><img loading=\"lazy\" decoding=\"async\" width=\"1200\" height=\"900\" src=\"\/wp-content\/uploads\/2023\/03\/DSCN7659.jpg\" alt=\"\" class=\"wp-image-7727\" srcset=\"https:\/\/mahingan.les4as.ca\/wp-content\/uploads\/2023\/03\/DSCN7659.jpg 1200w, https:\/\/mahingan.les4as.ca\/wp-content\/uploads\/2023\/03\/DSCN7659-300x225.jpg 300w, https:\/\/mahingan.les4as.ca\/wp-content\/uploads\/2023\/03\/DSCN7659-1024x768.jpg 1024w, https:\/\/mahingan.les4as.ca\/wp-content\/uploads\/2023\/03\/DSCN7659-768x576.jpg 768w, https:\/\/mahingan.les4as.ca\/wp-content\/uploads\/2023\/03\/DSCN7659-360x270.jpg 360w\" sizes=\"auto, (max-width: 1200px) 100vw, 1200px\" \/><\/a><figcaption class=\"wp-element-caption\">Le d\u00e9but du sentier.<br>N 47\u00b0 02.375&prime; W 079\u00b0 22.445&prime;<\/figcaption><\/figure>\n<\/div>\n\n<div class=\"wp-block-image\">\n<figure class=\"aligncenter size-full\"><a href=\"\/wp-content\/uploads\/2023\/03\/DSCN7660.jpg\"><img loading=\"lazy\" decoding=\"async\" width=\"900\" height=\"1200\" src=\"\/wp-content\/uploads\/2023\/03\/DSCN7660.jpg\" alt=\"\" class=\"wp-image-7728\" srcset=\"https:\/\/mahingan.les4as.ca\/wp-content\/uploads\/2023\/03\/DSCN7660.jpg 900w, https:\/\/mahingan.les4as.ca\/wp-content\/uploads\/2023\/03\/DSCN7660-225x300.jpg 225w, https:\/\/mahingan.les4as.ca\/wp-content\/uploads\/2023\/03\/DSCN7660-768x1024.jpg 768w, https:\/\/mahingan.les4as.ca\/wp-content\/uploads\/2023\/03\/DSCN7660-203x270.jpg 203w\" sizes=\"auto, (max-width: 900px) 100vw, 900px\" \/><\/a><figcaption class=\"wp-element-caption\">Jos\u00e9e est heureuse de d\u00e9couvrir son nom de g\u00e9ocacheur en pleine for\u00eat.<br>N 47\u00b0 02.299&prime; W 079\u00b0 22.418&prime;<\/figcaption><\/figure>\n<\/div>\n\n<div class=\"wp-block-image\">\n<figure class=\"aligncenter size-full\"><a href=\"\/wp-content\/uploads\/2023\/03\/DSCN7661.jpg\"><img loading=\"lazy\" decoding=\"async\" width=\"1200\" height=\"900\" src=\"\/wp-content\/uploads\/2023\/03\/DSCN7661.jpg\" alt=\"\" class=\"wp-image-7729\" srcset=\"https:\/\/mahingan.les4as.ca\/wp-content\/uploads\/2023\/03\/DSCN7661.jpg 1200w, https:\/\/mahingan.les4as.ca\/wp-content\/uploads\/2023\/03\/DSCN7661-300x225.jpg 300w, https:\/\/mahingan.les4as.ca\/wp-content\/uploads\/2023\/03\/DSCN7661-1024x768.jpg 1024w, https:\/\/mahingan.les4as.ca\/wp-content\/uploads\/2023\/03\/DSCN7661-768x576.jpg 768w, https:\/\/mahingan.les4as.ca\/wp-content\/uploads\/2023\/03\/DSCN7661-360x270.jpg 360w\" sizes=\"auto, (max-width: 1200px) 100vw, 1200px\" \/><\/a><figcaption class=\"wp-element-caption\">Pijiw!<br>N 47\u00b0 02.299&prime; W 079\u00b0 22.418&prime;<\/figcaption><\/figure>\n<\/div>\n\n\n<figure class=\"wp-block-gallery aligncenter has-nested-images columns-default is-cropped wp-block-gallery-1 is-layout-flex wp-block-gallery-is-layout-flex\">\n<figure class=\"wp-block-image size-full\"><a href=\"\/wp-content\/uploads\/2023\/03\/DSCN7665.jpg\"><img loading=\"lazy\" decoding=\"async\" width=\"1200\" height=\"900\" data-id=\"7732\" src=\"\/wp-content\/uploads\/2023\/03\/DSCN7665.jpg\" alt=\"\" class=\"wp-image-7732\" srcset=\"https:\/\/mahingan.les4as.ca\/wp-content\/uploads\/2023\/03\/DSCN7665.jpg 1200w, https:\/\/mahingan.les4as.ca\/wp-content\/uploads\/2023\/03\/DSCN7665-300x225.jpg 300w, https:\/\/mahingan.les4as.ca\/wp-content\/uploads\/2023\/03\/DSCN7665-1024x768.jpg 1024w, https:\/\/mahingan.les4as.ca\/wp-content\/uploads\/2023\/03\/DSCN7665-768x576.jpg 768w, https:\/\/mahingan.les4as.ca\/wp-content\/uploads\/2023\/03\/DSCN7665-360x270.jpg 360w\" sizes=\"auto, (max-width: 1200px) 100vw, 1200px\" \/><\/a><\/figure>\n\n\n\n<figure class=\"wp-block-image size-full\"><a href=\"\/wp-content\/uploads\/2023\/03\/DSCN7664.jpg\"><img loading=\"lazy\" decoding=\"async\" width=\"1200\" height=\"900\" data-id=\"7731\" src=\"\/wp-content\/uploads\/2023\/03\/DSCN7664.jpg\" alt=\"\" class=\"wp-image-7731\" srcset=\"https:\/\/mahingan.les4as.ca\/wp-content\/uploads\/2023\/03\/DSCN7664.jpg 1200w, https:\/\/mahingan.les4as.ca\/wp-content\/uploads\/2023\/03\/DSCN7664-300x225.jpg 300w, https:\/\/mahingan.les4as.ca\/wp-content\/uploads\/2023\/03\/DSCN7664-1024x768.jpg 1024w, https:\/\/mahingan.les4as.ca\/wp-content\/uploads\/2023\/03\/DSCN7664-768x576.jpg 768w, https:\/\/mahingan.les4as.ca\/wp-content\/uploads\/2023\/03\/DSCN7664-360x270.jpg 360w\" sizes=\"auto, (max-width: 1200px) 100vw, 1200px\" \/><\/a><\/figure>\n\n\n\n<figure class=\"wp-block-image size-full\"><a href=\"\/wp-content\/uploads\/2023\/03\/DSCN7663.jpg\"><img loading=\"lazy\" decoding=\"async\" width=\"1200\" height=\"900\" data-id=\"7730\" src=\"\/wp-content\/uploads\/2023\/03\/DSCN7663.jpg\" alt=\"\" class=\"wp-image-7730\" srcset=\"https:\/\/mahingan.les4as.ca\/wp-content\/uploads\/2023\/03\/DSCN7663.jpg 1200w, https:\/\/mahingan.les4as.ca\/wp-content\/uploads\/2023\/03\/DSCN7663-300x225.jpg 300w, https:\/\/mahingan.les4as.ca\/wp-content\/uploads\/2023\/03\/DSCN7663-1024x768.jpg 1024w, https:\/\/mahingan.les4as.ca\/wp-content\/uploads\/2023\/03\/DSCN7663-768x576.jpg 768w, https:\/\/mahingan.les4as.ca\/wp-content\/uploads\/2023\/03\/DSCN7663-360x270.jpg 360w\" sizes=\"auto, (max-width: 1200px) 100vw, 1200px\" \/><\/a><\/figure>\n<figcaption class=\"blocks-gallery-caption wp-element-caption\">La vue au sommet de la Paroi-aux-Faucons.<br>N 47\u00b0 02.205&prime; W 079\u00b0 22.448&prime;<\/figcaption><\/figure>\n\n\n\n<figure class=\"wp-block-video aligncenter\"><video height=\"270\" style=\"aspect-ratio: 480 \/ 270;\" width=\"480\" controls src=\"\/wp-content\/uploads\/2023\/03\/DSCN7667_480_FPS20_BR736.mov\"><\/video><figcaption class=\"wp-element-caption\">La vue au sommet de la Paroi-aux-Faucons.<br>N 47\u00b0 02.205&prime; W 079\u00b0 22.448&prime;<\/figcaption><\/figure>\n","protected":false},"excerpt":{"rendered":"<p>R\u00e9sum\u00e9 de la randonn\u00e9e Apr\u00e8s avoir explor\u00e9 le sentier l\u2019Inukshuk, le sentier la Paroi-aux-Faucons est notre deuxi\u00e8me objectif pour aujourd\u2019hui. Lorsque nous arrivons au stationnement pour le sentier la Paroi-aux-Faucons, nous remarquons un sentier qui se dirige vers le stationnement pour le sentier de l\u2019Inukshuk. Ce sentier n\u2019est pas sur la carte et il semble peu emprunt\u00e9. Ce serait une bonne id\u00e9e de relier le sentier l\u2019Inukshuk au sentier la Paroi-aux-Faucons, car j\u2019estime qu\u2019ils sont d\u2019\u00e0 peine 700 m\u00e8tres. Nous&#8230;<\/p>\n<p class=\"read-more\"><a class=\"btn btn-default\" href=\"https:\/\/mahingan.les4as.ca\/?p=7674\">Lire la suite<span class=\"screen-reader-text\"> Lire la suite<\/span><\/a><\/p>\n","protected":false},"author":1,"featured_media":7731,"comment_status":"open","ping_status":"open","sticky":false,"template":"","format":"standard","meta":{"footnotes":""},"categories":[40,43,3,35],"tags":[16],"class_list":["post-7674","post","type-post","status-publish","format-standard","has-post-thumbnail","hentry","category-abitibi-temiscamingue","category-parc-national-dopemican","category-randonnees","category-regions-administratives-du-quebec","tag-randonnee"],"_links":{"self":[{"href":"https:\/\/mahingan.les4as.ca\/index.php?rest_route=\/wp\/v2\/posts\/7674","targetHints":{"allow":["GET"]}}],"collection":[{"href":"https:\/\/mahingan.les4as.ca\/index.php?rest_route=\/wp\/v2\/posts"}],"about":[{"href":"https:\/\/mahingan.les4as.ca\/index.php?rest_route=\/wp\/v2\/types\/post"}],"author":[{"embeddable":true,"href":"https:\/\/mahingan.les4as.ca\/index.php?rest_route=\/wp\/v2\/users\/1"}],"replies":[{"embeddable":true,"href":"https:\/\/mahingan.les4as.ca\/index.php?rest_route=%2Fwp%2Fv2%2Fcomments&post=7674"}],"version-history":[{"count":10,"href":"https:\/\/mahingan.les4as.ca\/index.php?rest_route=\/wp\/v2\/posts\/7674\/revisions"}],"predecessor-version":[{"id":7898,"href":"https:\/\/mahingan.les4as.ca\/index.php?rest_route=\/wp\/v2\/posts\/7674\/revisions\/7898"}],"wp:featuredmedia":[{"embeddable":true,"href":"https:\/\/mahingan.les4as.ca\/index.php?rest_route=\/wp\/v2\/media\/7731"}],"wp:attachment":[{"href":"https:\/\/mahingan.les4as.ca\/index.php?rest_route=%2Fwp%2Fv2%2Fmedia&parent=7674"}],"wp:term":[{"taxonomy":"category","embeddable":true,"href":"https:\/\/mahingan.les4as.ca\/index.php?rest_route=%2Fwp%2Fv2%2Fcategories&post=7674"},{"taxonomy":"post_tag","embeddable":true,"href":"https:\/\/mahingan.les4as.ca\/index.php?rest_route=%2Fwp%2Fv2%2Ftags&post=7674"}],"curies":[{"name":"wp","href":"https:\/\/api.w.org\/{rel}","templated":true}]}}