{"id":7627,"date":"2023-03-23T13:30:00","date_gmt":"2023-03-23T17:30:00","guid":{"rendered":"https:\/\/mahingan.les4as.ca\/?p=7627"},"modified":"2023-03-29T16:43:28","modified_gmt":"2023-03-29T20:43:28","slug":"sentiers-des-piers-et-de-la-prucheraie","status":"publish","type":"post","link":"https:\/\/mahingan.les4as.ca\/?p=7627","title":{"rendered":"Sentiers des Piers et de la Prucheraie"},"content":{"rendered":"\n<h1 class=\"wp-block-heading\">R\u00e9sum\u00e9 de la randonn\u00e9e<\/h1>\n\n\n\n<p>Nous sommes arriv\u00e9s dans le parc national d\u2019Op\u00e9mican le 18 juillet 2022. C\u2019est la premi\u00e8re fois que nous visitons ce parc et je peux vous dire que nous avons \u00e9t\u00e9 impressionn\u00e9s par la population de pins. De toute beaut\u00e9! Aujourd\u2019hui, nous avons pr\u00e9vu l\u2019exploration de deux sentiers&nbsp;: le sentier des Piers et le sentier de la Prucheraie pour un total d\u2019environ 6 kilom\u00e8tres. Puisque le d\u00e9but de la randonn\u00e9e est \u00e0 quelques centaines de m\u00e8tres de notre campement et que la distance totale \u00e0 parcourir n\u2019est pas tr\u00e8s grande, nous profitons de la matin\u00e9e pour relaxer.<\/p>\n\n\n\n<p>Apr\u00e8s notre repas du midi, nous quittons notre campement pour aller rejoindre le d\u00e9but du sentier des Piers. Une petite mont\u00e9e et nous arrivons \u00e0 un point d\u2019observation sur le lac T\u00e9miscamingue et sur de vieux b\u00e2timents t\u00e9moins d\u2019une autre \u00e9poque. Tout en nous dirigeant vers la jonction pour emprunter le sentier de la Prucheraie, nous avons r\u00e9guli\u00e8rement de beaux points de vue sur le lac T\u00e9miscamingue. Nous quittons la boucle du sentier des Piers et rapidement nous sommes entour\u00e9s par les pruches. Le sentier est agr\u00e9able et, par moments, nous arr\u00eatons pour observer le lac T\u00e9miscamingue. Le sentier de la Prucheraie se termine lorsque nous arrivons au chemin Jodin. Nous rebroussons chemin et empruntons l\u2019autre segment de la boucle du sentier des Piers afin de le compl\u00e9ter.<\/p>\n\n\n\n<h1 class=\"wp-block-heading\">Informations sur la randonn\u00e9e<\/h1>\n\n\n\n<p><strong>Date :<\/strong> 21 juillet 2022<\/p>\n\n\n\n<p><strong>M\u00e9t\u00e9o :<\/strong> Nuageux avec 60% de probabilit\u00e9s d&rsquo;averses, 24\u00b0C. Facteur humidex, 27\u00b0C.<\/p>\n\n\n\n<p><strong>Distance :<\/strong> 6.1 Kilom\u00e8tres<\/p>\n\n\n\n<p><strong>Stationnement :<\/strong> Centre de services de la Pointe-Op\u00e9mican.<\/p>\n\n\n\n<p><strong>Coordonn\u00e9e GPS du stationnement :<\/strong> N 46\u00b050.247&prime; W 079\u00b011.803&prime;<\/p>\n\n\n\n<p><strong>Lien vers la carte du sentier :<\/strong> <a href=\"\/wp-content\/uploads\/cartes\/SentiersParcNationalDOpemican\/ope_carte_generale.pdf\">Sentiers des Piers et de la Prucheraie<\/a><\/p>\n\n\n\n<p><strong>Lien vers le profil du sentier :<\/strong> <a href=\"\/wp-content\/uploads\/2023\/03\/Profil_SentiersDesPiersEtDeLaPrucheraie.jpg\">Profil des sentiers des Piers et de la Prucheraie<\/a><\/p>\n\n\n\n<p><strong>Fichier gpx pour le GPS :<\/strong> <a href=\"\/wp-content\/uploads\/gpx\/Track_Sentiers_Des_Piers_Et_De_La_Prucheraie.gpx\">Track_Sentiers_Des_Piers_Et_De_La_Prucheraie.gpx<\/a><\/p>\n\n\n\n<p><strong>Parcours :<\/strong> Lin\u00e9aire<\/p>\n\n\n\n<p><strong>Temps total pour la randonn\u00e9e :<\/strong>&nbsp;2 heures 25 minutes<\/p>\n\n\n\n<p><strong>Temps de d\u00e9placement :<\/strong> 1 heure 45 minutes<\/p>\n\n\n\n<p><strong>Temps d&rsquo;arr\u00eat :<\/strong> 40 minutes<\/p>\n\n\n<div class=\"wp-block-image\">\n<figure class=\"aligncenter size-full\"><a href=\"\/wp-content\/uploads\/2023\/03\/TraceGPS_SentiersDesPiersEtDeLaPrucheraie.jpg\"><img loading=\"lazy\" decoding=\"async\" width=\"1101\" height=\"872\" src=\"\/wp-content\/uploads\/2023\/03\/TraceGPS_SentiersDesPiersEtDeLaPrucheraie.jpg\" alt=\"\" class=\"wp-image-7632\" srcset=\"https:\/\/mahingan.les4as.ca\/wp-content\/uploads\/2023\/03\/TraceGPS_SentiersDesPiersEtDeLaPrucheraie.jpg 1101w, https:\/\/mahingan.les4as.ca\/wp-content\/uploads\/2023\/03\/TraceGPS_SentiersDesPiersEtDeLaPrucheraie-300x238.jpg 300w, https:\/\/mahingan.les4as.ca\/wp-content\/uploads\/2023\/03\/TraceGPS_SentiersDesPiersEtDeLaPrucheraie-1024x811.jpg 1024w, https:\/\/mahingan.les4as.ca\/wp-content\/uploads\/2023\/03\/TraceGPS_SentiersDesPiersEtDeLaPrucheraie-768x608.jpg 768w, https:\/\/mahingan.les4as.ca\/wp-content\/uploads\/2023\/03\/TraceGPS_SentiersDesPiersEtDeLaPrucheraie-341x270.jpg 341w\" sizes=\"auto, (max-width: 1101px) 100vw, 1101px\" \/><\/a><figcaption class=\"wp-element-caption\">Trac\u00e9 GPS de la randonn\u00e9e sur les sentiers des Piers et de la Prucheraie.<\/figcaption><\/figure>\n<\/div>\n\n\n<h1 class=\"wp-block-heading\">Photos de la randonn\u00e9e<\/h1>\n\n\n<div class=\"wp-block-image\">\n<figure class=\"aligncenter size-full\"><a href=\"\/wp-content\/uploads\/2023\/03\/DSCN7599.jpg\"><img loading=\"lazy\" decoding=\"async\" width=\"1200\" height=\"900\" src=\"\/wp-content\/uploads\/2023\/03\/DSCN7599.jpg\" alt=\"\" class=\"wp-image-7639\" srcset=\"https:\/\/mahingan.les4as.ca\/wp-content\/uploads\/2023\/03\/DSCN7599.jpg 1200w, https:\/\/mahingan.les4as.ca\/wp-content\/uploads\/2023\/03\/DSCN7599-300x225.jpg 300w, https:\/\/mahingan.les4as.ca\/wp-content\/uploads\/2023\/03\/DSCN7599-1024x768.jpg 1024w, https:\/\/mahingan.les4as.ca\/wp-content\/uploads\/2023\/03\/DSCN7599-768x576.jpg 768w, https:\/\/mahingan.les4as.ca\/wp-content\/uploads\/2023\/03\/DSCN7599-360x270.jpg 360w\" sizes=\"auto, (max-width: 1200px) 100vw, 1200px\" \/><\/a><figcaption class=\"wp-element-caption\">Voici notre emplacement de camping, le num\u00e9ro 40 dans la boucle des Cageux.<br>N 46\u00b0 50.247&prime; W 079\u00b0 11.803&prime;<\/figcaption><\/figure>\n<\/div>\n\n<div class=\"wp-block-image\">\n<figure class=\"aligncenter size-full\"><a href=\"\/wp-content\/uploads\/2023\/03\/DSCN7600.jpg\"><img loading=\"lazy\" decoding=\"async\" width=\"1200\" height=\"900\" src=\"\/wp-content\/uploads\/2023\/03\/DSCN7600.jpg\" alt=\"\" class=\"wp-image-7640\" srcset=\"https:\/\/mahingan.les4as.ca\/wp-content\/uploads\/2023\/03\/DSCN7600.jpg 1200w, https:\/\/mahingan.les4as.ca\/wp-content\/uploads\/2023\/03\/DSCN7600-300x225.jpg 300w, https:\/\/mahingan.les4as.ca\/wp-content\/uploads\/2023\/03\/DSCN7600-1024x768.jpg 1024w, https:\/\/mahingan.les4as.ca\/wp-content\/uploads\/2023\/03\/DSCN7600-768x576.jpg 768w, https:\/\/mahingan.les4as.ca\/wp-content\/uploads\/2023\/03\/DSCN7600-360x270.jpg 360w\" sizes=\"auto, (max-width: 1200px) 100vw, 1200px\" \/><\/a><figcaption class=\"wp-element-caption\">Voici notre emplacement de camping, le num\u00e9ro 40 dans la boucle des Cageux.<br>N 46\u00b0 50.247&prime; W 079\u00b0 11.803&prime;<\/figcaption><\/figure>\n<\/div>\n\n<div class=\"wp-block-image\">\n<figure class=\"aligncenter size-full\"><a href=\"\/wp-content\/uploads\/2023\/03\/DSCN7601.jpg\"><img loading=\"lazy\" decoding=\"async\" width=\"1200\" height=\"900\" src=\"\/wp-content\/uploads\/2023\/03\/DSCN7601.jpg\" alt=\"\" class=\"wp-image-7641\" srcset=\"https:\/\/mahingan.les4as.ca\/wp-content\/uploads\/2023\/03\/DSCN7601.jpg 1200w, https:\/\/mahingan.les4as.ca\/wp-content\/uploads\/2023\/03\/DSCN7601-300x225.jpg 300w, https:\/\/mahingan.les4as.ca\/wp-content\/uploads\/2023\/03\/DSCN7601-1024x768.jpg 1024w, https:\/\/mahingan.les4as.ca\/wp-content\/uploads\/2023\/03\/DSCN7601-768x576.jpg 768w, https:\/\/mahingan.les4as.ca\/wp-content\/uploads\/2023\/03\/DSCN7601-360x270.jpg 360w\" sizes=\"auto, (max-width: 1200px) 100vw, 1200px\" \/><\/a><figcaption class=\"wp-element-caption\">Une petite matin\u00e9e tranquille avant d&rsquo;aller explorer de nouveaux sentiers.<br>N 46\u00b0 50.247&prime; W 079\u00b0 11.803&prime;<\/figcaption><\/figure>\n<\/div>\n\n<div class=\"wp-block-image\">\n<figure class=\"aligncenter size-full\"><a href=\"\/wp-content\/uploads\/2023\/03\/DSCN7603.jpg\"><img loading=\"lazy\" decoding=\"async\" width=\"1200\" height=\"900\" src=\"\/wp-content\/uploads\/2023\/03\/DSCN7603.jpg\" alt=\"\" class=\"wp-image-7642\" srcset=\"https:\/\/mahingan.les4as.ca\/wp-content\/uploads\/2023\/03\/DSCN7603.jpg 1200w, https:\/\/mahingan.les4as.ca\/wp-content\/uploads\/2023\/03\/DSCN7603-300x225.jpg 300w, https:\/\/mahingan.les4as.ca\/wp-content\/uploads\/2023\/03\/DSCN7603-1024x768.jpg 1024w, https:\/\/mahingan.les4as.ca\/wp-content\/uploads\/2023\/03\/DSCN7603-768x576.jpg 768w, https:\/\/mahingan.les4as.ca\/wp-content\/uploads\/2023\/03\/DSCN7603-360x270.jpg 360w\" sizes=\"auto, (max-width: 1200px) 100vw, 1200px\" \/><\/a><figcaption class=\"wp-element-caption\">Les pins sont gigantesques dans cette r\u00e9gion. Une vue des arbres de notre emplacement de camping.<br>N 46\u00b0 50.247&prime; W 079\u00b0 11.803&prime;<\/figcaption><\/figure>\n<\/div>\n\n<div class=\"wp-block-image\">\n<figure class=\"aligncenter size-full\"><a href=\"\/wp-content\/uploads\/2023\/03\/DSCN7604.jpg\"><img loading=\"lazy\" decoding=\"async\" width=\"1200\" height=\"900\" src=\"\/wp-content\/uploads\/2023\/03\/DSCN7604.jpg\" alt=\"\" class=\"wp-image-7643\" srcset=\"https:\/\/mahingan.les4as.ca\/wp-content\/uploads\/2023\/03\/DSCN7604.jpg 1200w, https:\/\/mahingan.les4as.ca\/wp-content\/uploads\/2023\/03\/DSCN7604-300x225.jpg 300w, https:\/\/mahingan.les4as.ca\/wp-content\/uploads\/2023\/03\/DSCN7604-1024x768.jpg 1024w, https:\/\/mahingan.les4as.ca\/wp-content\/uploads\/2023\/03\/DSCN7604-768x576.jpg 768w, https:\/\/mahingan.les4as.ca\/wp-content\/uploads\/2023\/03\/DSCN7604-360x270.jpg 360w\" sizes=\"auto, (max-width: 1200px) 100vw, 1200px\" \/><\/a><figcaption class=\"wp-element-caption\">Les pins sont gigantesques dans cette r\u00e9gion. Une vue des arbres de notre emplacement de camping.<br>N 46\u00b0 50.247&prime; W 079\u00b0 11.803&prime;<\/figcaption><\/figure>\n<\/div>\n\n<div class=\"wp-block-image\">\n<figure class=\"aligncenter size-full\"><a href=\"\/wp-content\/uploads\/2023\/03\/DSCN7608.jpg\"><img loading=\"lazy\" decoding=\"async\" width=\"1200\" height=\"900\" src=\"\/wp-content\/uploads\/2023\/03\/DSCN7608.jpg\" alt=\"\" class=\"wp-image-7644\" srcset=\"https:\/\/mahingan.les4as.ca\/wp-content\/uploads\/2023\/03\/DSCN7608.jpg 1200w, https:\/\/mahingan.les4as.ca\/wp-content\/uploads\/2023\/03\/DSCN7608-300x225.jpg 300w, https:\/\/mahingan.les4as.ca\/wp-content\/uploads\/2023\/03\/DSCN7608-1024x768.jpg 1024w, https:\/\/mahingan.les4as.ca\/wp-content\/uploads\/2023\/03\/DSCN7608-768x576.jpg 768w, https:\/\/mahingan.les4as.ca\/wp-content\/uploads\/2023\/03\/DSCN7608-360x270.jpg 360w\" sizes=\"auto, (max-width: 1200px) 100vw, 1200px\" \/><\/a><figcaption class=\"wp-element-caption\">Le d\u00e9but du sentier des Piers.<br>N 46\u00b0 50.187&prime; W 079\u00b0 11.667&prime;<\/figcaption><\/figure>\n<\/div>\n\n<div class=\"wp-block-image\">\n<figure class=\"aligncenter size-full\"><a href=\"\/wp-content\/uploads\/2023\/03\/DSCN7610.jpg\"><img loading=\"lazy\" decoding=\"async\" width=\"1200\" height=\"900\" src=\"\/wp-content\/uploads\/2023\/03\/DSCN7610.jpg\" alt=\"\" class=\"wp-image-7645\" srcset=\"https:\/\/mahingan.les4as.ca\/wp-content\/uploads\/2023\/03\/DSCN7610.jpg 1200w, https:\/\/mahingan.les4as.ca\/wp-content\/uploads\/2023\/03\/DSCN7610-300x225.jpg 300w, https:\/\/mahingan.les4as.ca\/wp-content\/uploads\/2023\/03\/DSCN7610-1024x768.jpg 1024w, https:\/\/mahingan.les4as.ca\/wp-content\/uploads\/2023\/03\/DSCN7610-768x576.jpg 768w, https:\/\/mahingan.les4as.ca\/wp-content\/uploads\/2023\/03\/DSCN7610-360x270.jpg 360w\" sizes=\"auto, (max-width: 1200px) 100vw, 1200px\" \/><\/a><figcaption class=\"wp-element-caption\">Vue sur le lac T\u00e9miscamingue.<br>N 46\u00b0 50.247&prime; W 079\u00b0 11.407&prime;<\/figcaption><\/figure>\n<\/div>\n\n<div class=\"wp-block-image\">\n<figure class=\"aligncenter size-full\"><a href=\"\/wp-content\/uploads\/2023\/03\/DSCN7611.jpg\"><img loading=\"lazy\" decoding=\"async\" width=\"1200\" height=\"900\" src=\"\/wp-content\/uploads\/2023\/03\/DSCN7611.jpg\" alt=\"\" class=\"wp-image-7646\" srcset=\"https:\/\/mahingan.les4as.ca\/wp-content\/uploads\/2023\/03\/DSCN7611.jpg 1200w, https:\/\/mahingan.les4as.ca\/wp-content\/uploads\/2023\/03\/DSCN7611-300x225.jpg 300w, https:\/\/mahingan.les4as.ca\/wp-content\/uploads\/2023\/03\/DSCN7611-1024x768.jpg 1024w, https:\/\/mahingan.les4as.ca\/wp-content\/uploads\/2023\/03\/DSCN7611-768x576.jpg 768w, https:\/\/mahingan.les4as.ca\/wp-content\/uploads\/2023\/03\/DSCN7611-360x270.jpg 360w\" sizes=\"auto, (max-width: 1200px) 100vw, 1200px\" \/><\/a><figcaption class=\"wp-element-caption\">Une vue sur l&rsquo;Auberge Jodoin et les vestiges du pass\u00e9.<br>N 46\u00b0 50.247&prime; W 079\u00b0 11.407&prime;<\/figcaption><\/figure>\n<\/div>\n\n<div class=\"wp-block-image\">\n<figure class=\"aligncenter size-full\"><a href=\"\/wp-content\/uploads\/2023\/03\/DSCN7613.jpg\"><img loading=\"lazy\" decoding=\"async\" width=\"1200\" height=\"900\" src=\"\/wp-content\/uploads\/2023\/03\/DSCN7613.jpg\" alt=\"\" class=\"wp-image-7648\" srcset=\"https:\/\/mahingan.les4as.ca\/wp-content\/uploads\/2023\/03\/DSCN7613.jpg 1200w, https:\/\/mahingan.les4as.ca\/wp-content\/uploads\/2023\/03\/DSCN7613-300x225.jpg 300w, https:\/\/mahingan.les4as.ca\/wp-content\/uploads\/2023\/03\/DSCN7613-1024x768.jpg 1024w, https:\/\/mahingan.les4as.ca\/wp-content\/uploads\/2023\/03\/DSCN7613-768x576.jpg 768w, https:\/\/mahingan.les4as.ca\/wp-content\/uploads\/2023\/03\/DSCN7613-360x270.jpg 360w\" sizes=\"auto, (max-width: 1200px) 100vw, 1200px\" \/><\/a><figcaption class=\"wp-element-caption\">Vue sur le lac T\u00e9miscamingue.<br>N 46\u00b0 50.247&prime; W 079\u00b0 11.407&prime;<\/figcaption><\/figure>\n<\/div>\n\n<div class=\"wp-block-image\">\n<figure class=\"aligncenter size-full\"><a href=\"\/wp-content\/uploads\/2023\/03\/DSCN7612.jpg\"><img loading=\"lazy\" decoding=\"async\" width=\"1200\" height=\"900\" src=\"\/wp-content\/uploads\/2023\/03\/DSCN7612.jpg\" alt=\"\" class=\"wp-image-7647\" srcset=\"https:\/\/mahingan.les4as.ca\/wp-content\/uploads\/2023\/03\/DSCN7612.jpg 1200w, https:\/\/mahingan.les4as.ca\/wp-content\/uploads\/2023\/03\/DSCN7612-300x225.jpg 300w, https:\/\/mahingan.les4as.ca\/wp-content\/uploads\/2023\/03\/DSCN7612-1024x768.jpg 1024w, https:\/\/mahingan.les4as.ca\/wp-content\/uploads\/2023\/03\/DSCN7612-768x576.jpg 768w, https:\/\/mahingan.les4as.ca\/wp-content\/uploads\/2023\/03\/DSCN7612-360x270.jpg 360w\" sizes=\"auto, (max-width: 1200px) 100vw, 1200px\" \/><\/a><figcaption class=\"wp-element-caption\">Des vestiges du pass\u00e9es.<br>N 46\u00b0 50.247&prime; W 079\u00b0 11.407&prime;<\/figcaption><\/figure>\n<\/div>\n\n<div class=\"wp-block-image\">\n<figure class=\"aligncenter size-full\"><a href=\"\/wp-content\/uploads\/2023\/03\/DSCN7615.jpg\"><img loading=\"lazy\" decoding=\"async\" width=\"1200\" height=\"900\" src=\"\/wp-content\/uploads\/2023\/03\/DSCN7615.jpg\" alt=\"\" class=\"wp-image-7649\" srcset=\"https:\/\/mahingan.les4as.ca\/wp-content\/uploads\/2023\/03\/DSCN7615.jpg 1200w, https:\/\/mahingan.les4as.ca\/wp-content\/uploads\/2023\/03\/DSCN7615-300x225.jpg 300w, https:\/\/mahingan.les4as.ca\/wp-content\/uploads\/2023\/03\/DSCN7615-1024x768.jpg 1024w, https:\/\/mahingan.les4as.ca\/wp-content\/uploads\/2023\/03\/DSCN7615-768x576.jpg 768w, https:\/\/mahingan.les4as.ca\/wp-content\/uploads\/2023\/03\/DSCN7615-360x270.jpg 360w\" sizes=\"auto, (max-width: 1200px) 100vw, 1200px\" \/><\/a><figcaption class=\"wp-element-caption\">Le lac T\u00e9miscamingue.<br>N 46\u00b0 50.019&prime; W 079\u00b0 11.258&prime;<\/figcaption><\/figure>\n<\/div>\n\n\n<figure class=\"wp-block-gallery aligncenter has-nested-images columns-default is-cropped wp-block-gallery-1 is-layout-flex wp-block-gallery-is-layout-flex\">\n<figure class=\"wp-block-image size-full\"><a href=\"\/wp-content\/uploads\/2023\/03\/DSCN7617.jpg\"><img loading=\"lazy\" decoding=\"async\" width=\"1200\" height=\"900\" data-id=\"7651\" src=\"\/wp-content\/uploads\/2023\/03\/DSCN7617.jpg\" alt=\"\" class=\"wp-image-7651\" srcset=\"https:\/\/mahingan.les4as.ca\/wp-content\/uploads\/2023\/03\/DSCN7617.jpg 1200w, https:\/\/mahingan.les4as.ca\/wp-content\/uploads\/2023\/03\/DSCN7617-300x225.jpg 300w, https:\/\/mahingan.les4as.ca\/wp-content\/uploads\/2023\/03\/DSCN7617-1024x768.jpg 1024w, https:\/\/mahingan.les4as.ca\/wp-content\/uploads\/2023\/03\/DSCN7617-768x576.jpg 768w, https:\/\/mahingan.les4as.ca\/wp-content\/uploads\/2023\/03\/DSCN7617-360x270.jpg 360w\" sizes=\"auto, (max-width: 1200px) 100vw, 1200px\" \/><\/a><\/figure>\n\n\n\n<figure class=\"wp-block-image size-full\"><a href=\"\/wp-content\/uploads\/2023\/03\/DSCN7616.jpg\"><img loading=\"lazy\" decoding=\"async\" width=\"1200\" height=\"900\" data-id=\"7650\" src=\"\/wp-content\/uploads\/2023\/03\/DSCN7616.jpg\" alt=\"\" class=\"wp-image-7650\" srcset=\"https:\/\/mahingan.les4as.ca\/wp-content\/uploads\/2023\/03\/DSCN7616.jpg 1200w, https:\/\/mahingan.les4as.ca\/wp-content\/uploads\/2023\/03\/DSCN7616-300x225.jpg 300w, https:\/\/mahingan.les4as.ca\/wp-content\/uploads\/2023\/03\/DSCN7616-1024x768.jpg 1024w, https:\/\/mahingan.les4as.ca\/wp-content\/uploads\/2023\/03\/DSCN7616-768x576.jpg 768w, https:\/\/mahingan.les4as.ca\/wp-content\/uploads\/2023\/03\/DSCN7616-360x270.jpg 360w\" sizes=\"auto, (max-width: 1200px) 100vw, 1200px\" \/><\/a><\/figure>\n<figcaption class=\"blocks-gallery-caption wp-element-caption\">Le sentier pr\u00e8s du point d&rsquo;observation.<br>N 46\u00b0 50.247&prime; W 079\u00b0 11.407&prime;<\/figcaption><\/figure>\n\n\n<div class=\"wp-block-image\">\n<figure class=\"aligncenter size-full\"><a href=\"\/wp-content\/uploads\/2023\/03\/DSCN7618.jpg\"><img loading=\"lazy\" decoding=\"async\" width=\"1200\" height=\"900\" src=\"\/wp-content\/uploads\/2023\/03\/DSCN7618.jpg\" alt=\"\" class=\"wp-image-7652\" srcset=\"https:\/\/mahingan.les4as.ca\/wp-content\/uploads\/2023\/03\/DSCN7618.jpg 1200w, https:\/\/mahingan.les4as.ca\/wp-content\/uploads\/2023\/03\/DSCN7618-300x225.jpg 300w, https:\/\/mahingan.les4as.ca\/wp-content\/uploads\/2023\/03\/DSCN7618-1024x768.jpg 1024w, https:\/\/mahingan.les4as.ca\/wp-content\/uploads\/2023\/03\/DSCN7618-768x576.jpg 768w, https:\/\/mahingan.les4as.ca\/wp-content\/uploads\/2023\/03\/DSCN7618-360x270.jpg 360w\" sizes=\"auto, (max-width: 1200px) 100vw, 1200px\" \/><\/a><figcaption class=\"wp-element-caption\">Le d\u00e9but du sentier de la Prucheraie.<br>N 46\u00b0 50.048&prime; W 079\u00b0 11.273&prime;<\/figcaption><\/figure>\n<\/div>\n\n<div class=\"wp-block-image\">\n<figure class=\"aligncenter size-full\"><a href=\"\/wp-content\/uploads\/2023\/03\/DSCN7623.jpg\"><img loading=\"lazy\" decoding=\"async\" width=\"1200\" height=\"900\" src=\"\/wp-content\/uploads\/2023\/03\/DSCN7623.jpg\" alt=\"\" class=\"wp-image-7657\" srcset=\"https:\/\/mahingan.les4as.ca\/wp-content\/uploads\/2023\/03\/DSCN7623.jpg 1200w, https:\/\/mahingan.les4as.ca\/wp-content\/uploads\/2023\/03\/DSCN7623-300x225.jpg 300w, https:\/\/mahingan.les4as.ca\/wp-content\/uploads\/2023\/03\/DSCN7623-1024x768.jpg 1024w, https:\/\/mahingan.les4as.ca\/wp-content\/uploads\/2023\/03\/DSCN7623-768x576.jpg 768w, https:\/\/mahingan.les4as.ca\/wp-content\/uploads\/2023\/03\/DSCN7623-360x270.jpg 360w\" sizes=\"auto, (max-width: 1200px) 100vw, 1200px\" \/><\/a><figcaption class=\"wp-element-caption\">Nous sommes entour\u00e9s de pruches.<br>N 46\u00b0 50.150&prime; W 079\u00b0 10.986&prime;<\/figcaption><\/figure>\n<\/div>\n\n\n<figure class=\"wp-block-gallery aligncenter has-nested-images columns-default is-cropped wp-block-gallery-2 is-layout-flex wp-block-gallery-is-layout-flex\">\n<figure class=\"wp-block-image size-full\"><a href=\"\/wp-content\/uploads\/2023\/03\/DSCN7625.jpg\"><img loading=\"lazy\" decoding=\"async\" width=\"1200\" height=\"900\" data-id=\"7658\" src=\"\/wp-content\/uploads\/2023\/03\/DSCN7625.jpg\" alt=\"\" class=\"wp-image-7658\" srcset=\"https:\/\/mahingan.les4as.ca\/wp-content\/uploads\/2023\/03\/DSCN7625.jpg 1200w, https:\/\/mahingan.les4as.ca\/wp-content\/uploads\/2023\/03\/DSCN7625-300x225.jpg 300w, https:\/\/mahingan.les4as.ca\/wp-content\/uploads\/2023\/03\/DSCN7625-1024x768.jpg 1024w, https:\/\/mahingan.les4as.ca\/wp-content\/uploads\/2023\/03\/DSCN7625-768x576.jpg 768w, https:\/\/mahingan.les4as.ca\/wp-content\/uploads\/2023\/03\/DSCN7625-360x270.jpg 360w\" sizes=\"auto, (max-width: 1200px) 100vw, 1200px\" \/><\/a><\/figure>\n\n\n\n<figure class=\"wp-block-image size-full\"><a href=\"\/wp-content\/uploads\/2023\/03\/DSCN7626.jpg\"><img loading=\"lazy\" decoding=\"async\" width=\"1200\" height=\"900\" data-id=\"7659\" src=\"\/wp-content\/uploads\/2023\/03\/DSCN7626.jpg\" alt=\"\" class=\"wp-image-7659\" srcset=\"https:\/\/mahingan.les4as.ca\/wp-content\/uploads\/2023\/03\/DSCN7626.jpg 1200w, https:\/\/mahingan.les4as.ca\/wp-content\/uploads\/2023\/03\/DSCN7626-300x225.jpg 300w, https:\/\/mahingan.les4as.ca\/wp-content\/uploads\/2023\/03\/DSCN7626-1024x768.jpg 1024w, https:\/\/mahingan.les4as.ca\/wp-content\/uploads\/2023\/03\/DSCN7626-768x576.jpg 768w, https:\/\/mahingan.les4as.ca\/wp-content\/uploads\/2023\/03\/DSCN7626-360x270.jpg 360w\" sizes=\"auto, (max-width: 1200px) 100vw, 1200px\" \/><\/a><\/figure>\n<figcaption class=\"blocks-gallery-caption wp-element-caption\">Le sentier de la Prucheraie.<br>N 46\u00b0 50.150&prime; W 079\u00b0 10.986&prime;<\/figcaption><\/figure>\n\n\n<div class=\"wp-block-image\">\n<figure class=\"aligncenter size-full\"><a href=\"\/wp-content\/uploads\/2023\/03\/DSCN7628.jpg\"><img loading=\"lazy\" decoding=\"async\" width=\"1200\" height=\"900\" src=\"\/wp-content\/uploads\/2023\/03\/DSCN7628.jpg\" alt=\"\" class=\"wp-image-7660\" srcset=\"https:\/\/mahingan.les4as.ca\/wp-content\/uploads\/2023\/03\/DSCN7628.jpg 1200w, https:\/\/mahingan.les4as.ca\/wp-content\/uploads\/2023\/03\/DSCN7628-300x225.jpg 300w, https:\/\/mahingan.les4as.ca\/wp-content\/uploads\/2023\/03\/DSCN7628-1024x768.jpg 1024w, https:\/\/mahingan.les4as.ca\/wp-content\/uploads\/2023\/03\/DSCN7628-768x576.jpg 768w, https:\/\/mahingan.les4as.ca\/wp-content\/uploads\/2023\/03\/DSCN7628-360x270.jpg 360w\" sizes=\"auto, (max-width: 1200px) 100vw, 1200px\" \/><\/a><figcaption class=\"wp-element-caption\">Quel beau sentier que celui de la Prucheraie.<br>N 46\u00b0 50.039&prime; W 079\u00b0 11.073&prime;<\/figcaption><\/figure>\n<\/div>\n\n<div class=\"wp-block-image\">\n<figure class=\"aligncenter size-full\"><a href=\"\/wp-content\/uploads\/2023\/03\/DSCN7629.jpg\"><img loading=\"lazy\" decoding=\"async\" width=\"1200\" height=\"900\" src=\"\/wp-content\/uploads\/2023\/03\/DSCN7629.jpg\" alt=\"\" class=\"wp-image-7661\" srcset=\"https:\/\/mahingan.les4as.ca\/wp-content\/uploads\/2023\/03\/DSCN7629.jpg 1200w, https:\/\/mahingan.les4as.ca\/wp-content\/uploads\/2023\/03\/DSCN7629-300x225.jpg 300w, https:\/\/mahingan.les4as.ca\/wp-content\/uploads\/2023\/03\/DSCN7629-1024x768.jpg 1024w, https:\/\/mahingan.les4as.ca\/wp-content\/uploads\/2023\/03\/DSCN7629-768x576.jpg 768w, https:\/\/mahingan.les4as.ca\/wp-content\/uploads\/2023\/03\/DSCN7629-360x270.jpg 360w\" sizes=\"auto, (max-width: 1200px) 100vw, 1200px\" \/><\/a><figcaption class=\"wp-element-caption\">Un autre point de vue sur le lac T\u00e9miscamingue du sentier de la Prucheraie.<br>N 46\u00b0 50.039&prime; W 079\u00b0 11.073&prime;<\/figcaption><\/figure>\n<\/div>\n\n<div class=\"wp-block-image\">\n<figure class=\"aligncenter size-full\"><a href=\"\/wp-content\/uploads\/2023\/03\/DSCN7622.jpg\"><img loading=\"lazy\" decoding=\"async\" width=\"900\" height=\"1200\" src=\"\/wp-content\/uploads\/2023\/03\/DSCN7622.jpg\" alt=\"\" class=\"wp-image-7656\" srcset=\"https:\/\/mahingan.les4as.ca\/wp-content\/uploads\/2023\/03\/DSCN7622.jpg 900w, https:\/\/mahingan.les4as.ca\/wp-content\/uploads\/2023\/03\/DSCN7622-225x300.jpg 225w, https:\/\/mahingan.les4as.ca\/wp-content\/uploads\/2023\/03\/DSCN7622-768x1024.jpg 768w, https:\/\/mahingan.les4as.ca\/wp-content\/uploads\/2023\/03\/DSCN7622-203x270.jpg 203w\" sizes=\"auto, (max-width: 900px) 100vw, 900px\" \/><\/a><figcaption class=\"wp-element-caption\">La fin du sentier de la Prucheraie.<br>N 46\u00b0 50.292&prime; W 079\u00b0 11.264&prime;<\/figcaption><\/figure>\n<\/div>\n\n\n<figure class=\"wp-block-gallery aligncenter has-nested-images columns-default is-cropped wp-block-gallery-3 is-layout-flex wp-block-gallery-is-layout-flex\">\n<figure class=\"wp-block-image size-full\"><a href=\"\/wp-content\/uploads\/2023\/03\/DSCN7620.jpg\"><img loading=\"lazy\" decoding=\"async\" width=\"1200\" height=\"900\" data-id=\"7654\" src=\"\/wp-content\/uploads\/2023\/03\/DSCN7620.jpg\" alt=\"\" class=\"wp-image-7654\" srcset=\"https:\/\/mahingan.les4as.ca\/wp-content\/uploads\/2023\/03\/DSCN7620.jpg 1200w, https:\/\/mahingan.les4as.ca\/wp-content\/uploads\/2023\/03\/DSCN7620-300x225.jpg 300w, https:\/\/mahingan.les4as.ca\/wp-content\/uploads\/2023\/03\/DSCN7620-1024x768.jpg 1024w, https:\/\/mahingan.les4as.ca\/wp-content\/uploads\/2023\/03\/DSCN7620-768x576.jpg 768w, https:\/\/mahingan.les4as.ca\/wp-content\/uploads\/2023\/03\/DSCN7620-360x270.jpg 360w\" sizes=\"auto, (max-width: 1200px) 100vw, 1200px\" \/><\/a><\/figure>\n\n\n\n<figure class=\"wp-block-image size-full\"><a href=\"\/wp-content\/uploads\/2023\/03\/DSCN7619.jpg\"><img loading=\"lazy\" decoding=\"async\" width=\"1200\" height=\"900\" data-id=\"7653\" src=\"\/wp-content\/uploads\/2023\/03\/DSCN7619.jpg\" alt=\"\" class=\"wp-image-7653\" srcset=\"https:\/\/mahingan.les4as.ca\/wp-content\/uploads\/2023\/03\/DSCN7619.jpg 1200w, https:\/\/mahingan.les4as.ca\/wp-content\/uploads\/2023\/03\/DSCN7619-300x225.jpg 300w, https:\/\/mahingan.les4as.ca\/wp-content\/uploads\/2023\/03\/DSCN7619-1024x768.jpg 1024w, https:\/\/mahingan.les4as.ca\/wp-content\/uploads\/2023\/03\/DSCN7619-768x576.jpg 768w, https:\/\/mahingan.les4as.ca\/wp-content\/uploads\/2023\/03\/DSCN7619-360x270.jpg 360w\" sizes=\"auto, (max-width: 1200px) 100vw, 1200px\" \/><\/a><\/figure>\n<figcaption class=\"blocks-gallery-caption wp-element-caption\">Le chemin Jodoin.<br>N 46\u00b0 50.292&prime; W 079\u00b0 11.264&prime;<\/figcaption><\/figure>\n","protected":false},"excerpt":{"rendered":"<p>R\u00e9sum\u00e9 de la randonn\u00e9e Nous sommes arriv\u00e9s dans le parc national d\u2019Op\u00e9mican le 18 juillet 2022. C\u2019est la premi\u00e8re fois que nous visitons ce parc et je peux vous dire que nous avons \u00e9t\u00e9 impressionn\u00e9s par la population de pins. De toute beaut\u00e9! Aujourd\u2019hui, nous avons pr\u00e9vu l\u2019exploration de deux sentiers&nbsp;: le sentier des Piers et le sentier de la Prucheraie pour un total d\u2019environ 6 kilom\u00e8tres. Puisque le d\u00e9but de la randonn\u00e9e est \u00e0 quelques centaines de m\u00e8tres de&#8230;<\/p>\n<p class=\"read-more\"><a class=\"btn btn-default\" href=\"https:\/\/mahingan.les4as.ca\/?p=7627\">Lire la suite<span class=\"screen-reader-text\"> Lire la suite<\/span><\/a><\/p>\n","protected":false},"author":1,"featured_media":7649,"comment_status":"open","ping_status":"open","sticky":false,"template":"","format":"standard","meta":{"footnotes":""},"categories":[40,43,3,35],"tags":[16],"class_list":["post-7627","post","type-post","status-publish","format-standard","has-post-thumbnail","hentry","category-abitibi-temiscamingue","category-parc-national-dopemican","category-randonnees","category-regions-administratives-du-quebec","tag-randonnee"],"_links":{"self":[{"href":"https:\/\/mahingan.les4as.ca\/index.php?rest_route=\/wp\/v2\/posts\/7627","targetHints":{"allow":["GET"]}}],"collection":[{"href":"https:\/\/mahingan.les4as.ca\/index.php?rest_route=\/wp\/v2\/posts"}],"about":[{"href":"https:\/\/mahingan.les4as.ca\/index.php?rest_route=\/wp\/v2\/types\/post"}],"author":[{"embeddable":true,"href":"https:\/\/mahingan.les4as.ca\/index.php?rest_route=\/wp\/v2\/users\/1"}],"replies":[{"embeddable":true,"href":"https:\/\/mahingan.les4as.ca\/index.php?rest_route=%2Fwp%2Fv2%2Fcomments&post=7627"}],"version-history":[{"count":14,"href":"https:\/\/mahingan.les4as.ca\/index.php?rest_route=\/wp\/v2\/posts\/7627\/revisions"}],"predecessor-version":[{"id":7814,"href":"https:\/\/mahingan.les4as.ca\/index.php?rest_route=\/wp\/v2\/posts\/7627\/revisions\/7814"}],"wp:featuredmedia":[{"embeddable":true,"href":"https:\/\/mahingan.les4as.ca\/index.php?rest_route=\/wp\/v2\/media\/7649"}],"wp:attachment":[{"href":"https:\/\/mahingan.les4as.ca\/index.php?rest_route=%2Fwp%2Fv2%2Fmedia&parent=7627"}],"wp:term":[{"taxonomy":"category","embeddable":true,"href":"https:\/\/mahingan.les4as.ca\/index.php?rest_route=%2Fwp%2Fv2%2Fcategories&post=7627"},{"taxonomy":"post_tag","embeddable":true,"href":"https:\/\/mahingan.les4as.ca\/index.php?rest_route=%2Fwp%2Fv2%2Ftags&post=7627"}],"curies":[{"name":"wp","href":"https:\/\/api.w.org\/{rel}","templated":true}]}}