{"id":7440,"date":"2023-03-23T10:25:12","date_gmt":"2023-03-23T14:25:12","guid":{"rendered":"https:\/\/mahingan.les4as.ca\/?p=7440"},"modified":"2023-03-27T11:02:20","modified_gmt":"2023-03-27T15:02:20","slug":"sentiers-les-paysages-et-les-versants","status":"publish","type":"post","link":"https:\/\/mahingan.les4as.ca\/?p=7440","title":{"rendered":"Sentiers les Paysages et les Versants"},"content":{"rendered":"\n<h1 class=\"wp-block-heading\">R\u00e9sum\u00e9 de la randonn\u00e9e<\/h1>\n\n\n\n<p>Ces deux sentiers seront les derniers de notre s\u00e9jour dans le parc national d\u2019Aiguebelle. Nous allons commencer l\u2019exploration avec une portion du sentier les Paysages pour ensuite emprunter le sentier les Versants et, finalement, sur notre retour, terminer la boucle du sentier les Paysages. Notre but est d\u2019essayer d\u2019atteindre la ligne de partage des eaux par le sentier les Versants.<\/p>\n\n\n\n<p>De notre emplacement de camping dans le secteur Abij\u00e9vis, nous empruntons la route 27 nord pour poursuivre sur la route 26 est. Puis, nous embarquons sur la route 1 nord pour atteindre la route 12. Nous suivons les indications pour le stationnement le lac Sault. Il est situ\u00e9 \u00e0 la fin de la route 12.<\/p>\n\n\n\n<p>Sur le sentier les Paysages, en nous dirigeant vers l\u2019escalier h\u00e9lico\u00efdal, nous rencontrons un pin blanc ayant 234 ann\u00e9es. Nous traversons la rivi\u00e8re de l\u2019Esker et arrivons au sommet de l\u2019escarpement. Le point de vue est magnifique et l\u2019escalier h\u00e9lico\u00efdal est impressionnant. Malgr\u00e9 mon vertige, je n\u2019ai aucune difficult\u00e9 pour descendre le long de la falaise. Le secret&nbsp;: \u00e9viter de regarder en bas.<\/p>\n\n\n\n<p>Nous quittons la boucle du sentier les Paysages pour d\u00e9buter le sentier les Versants. Nous arr\u00eatons quelques moments au lac de la Muraille et nous remarquons que le sentier se r\u00e9tr\u00e9cit, signe qu\u2019il n\u2019est pas souvent emprunt\u00e9. Le d\u00e9nivel\u00e9 du sentier est \u00e9prouvant&nbsp;: 660 m\u00e8tres au total. Nous passons notre temps \u00e0 monter et \u00e0 descendre sur le bord de l\u2019escarpement qui nous donne de beaux points de vue sur le lac Sault. Vers l\u2019heure du d\u00eener, nous avons descendu l\u2019escarpement et nous nous retrouvons sur le bord du lac Sault. C\u2019est \u00e0 cet endroit que nous nous reposons un peu en prenant notre repas du midi. Nous reprenons le sentier et nous arrivons au lac Perch\u00e9. Nous poursuivons vers notre objectif de la ligne du partage des eaux. Quelle d\u00e9ception lorsque nous atteignons l\u2019extr\u00e9mit\u00e9 sud du lac Sault! Le sentier est effondr\u00e9 dans l\u2019escarpement en contrebas. J\u2019essaie de descendre un peu, mais mon instinct me sugg\u00e8re fortement de ne pas tenter le diable. C\u2019est avec grande d\u00e9ception que nous d\u00e9cidons de rebrousser le chemin. Au final, nous n\u2019aurons jamais atteint la ligne de partage des eaux. Nous terminons la boucle du sentier les Paysages pour d\u00e9couvrir avec plaisir la passerelle flottante et de jolis point de vue sur le lac Sault.<\/p>\n\n\n\n<p>Il nous reste quelques jours pour profiter du parc national d\u2019Aiguebelle, puis nous nous dirigerons vers le parc national d\u2019Op\u00e9mican au T\u00e9miscamingue.<\/p>\n\n\n\n<h1 class=\"wp-block-heading\">Informations sur la randonn\u00e9e<\/h1>\n\n\n\n<p><strong>Date :<\/strong> 13 juillet 2022<\/p>\n\n\n\n<p><strong>M\u00e9t\u00e9o :<\/strong> Ensoleill\u00e9 avec passages nuageux. Risque d&rsquo;averses en fin de journ\u00e9e, 21\u00b0C.<\/p>\n\n\n\n<p><strong>Distance :<\/strong> 12.0 Kilom\u00e8tres<\/p>\n\n\n\n<p><strong>Stationnement :<\/strong> Stationnement du lac Sault via la route 12.<\/p>\n\n\n\n<p><strong>Coordonn\u00e9e GPS du stationnement :<\/strong> N 48\u00b030.645&prime; W 078\u00b040.838&prime;<\/p>\n\n\n\n<p><strong>Lien vers la carte du sentier :<\/strong> <a href=\"\/wp-content\/uploads\/cartes\/SentiersParcNationalDAiguebelle\/aig_carte_generale.pdf\">Sentiers les Paysages et les Versants<\/a><\/p>\n\n\n\n<p><strong>Lien vers le profil du sentier :<\/strong> <a href=\"\/wp-content\/uploads\/2023\/03\/Profil_SentiersLesPaysagesEtLesVersants.jpg\">Profil des sentiers les Paysages et les Versants<\/a><\/p>\n\n\n\n<p><strong>Fichier gpx pour le GPS :<\/strong> <a href=\"\/wp-content\/uploads\/gpx\/Track_Sentiers_Les_Paysages_Et_Les_Versants.gpx\">Track_Sentiers_Les_Paysages_Et_Les_Versants.gpx<\/a><\/p>\n\n\n\n<p><strong>Parcours :<\/strong> Lin\u00e9aire<\/p>\n\n\n\n<p><strong>Temps total pour la randonn\u00e9e :<\/strong>&nbsp;6 heures 10 minutes<\/p>\n\n\n\n<p><strong>Temps de d\u00e9placement :<\/strong> 4 heures 8 minutes<\/p>\n\n\n\n<p><strong>Temps d&rsquo;arr\u00eat :<\/strong> 2 heures 2 minutes<\/p>\n\n\n<div class=\"wp-block-image\">\n<figure class=\"aligncenter size-full\"><a href=\"\/wp-content\/uploads\/2023\/03\/TraceGPS_SentiersLesPaysagesEtLesVersants.jpg\"><img loading=\"lazy\" decoding=\"async\" width=\"1107\" height=\"1248\" src=\"\/wp-content\/uploads\/2023\/03\/TraceGPS_SentiersLesPaysagesEtLesVersants.jpg\" alt=\"\" class=\"wp-image-7505\" srcset=\"https:\/\/mahingan.les4as.ca\/wp-content\/uploads\/2023\/03\/TraceGPS_SentiersLesPaysagesEtLesVersants.jpg 1107w, https:\/\/mahingan.les4as.ca\/wp-content\/uploads\/2023\/03\/TraceGPS_SentiersLesPaysagesEtLesVersants-266x300.jpg 266w, https:\/\/mahingan.les4as.ca\/wp-content\/uploads\/2023\/03\/TraceGPS_SentiersLesPaysagesEtLesVersants-908x1024.jpg 908w, https:\/\/mahingan.les4as.ca\/wp-content\/uploads\/2023\/03\/TraceGPS_SentiersLesPaysagesEtLesVersants-768x866.jpg 768w, https:\/\/mahingan.les4as.ca\/wp-content\/uploads\/2023\/03\/TraceGPS_SentiersLesPaysagesEtLesVersants-239x270.jpg 239w\" sizes=\"auto, (max-width: 1107px) 100vw, 1107px\" \/><\/a><figcaption class=\"wp-element-caption\">Trac\u00e9 GPS de la randonn\u00e9e sur les sentiers les Paysages et les Versants.<\/figcaption><\/figure>\n<\/div>\n\n\n<h1 class=\"wp-block-heading\">Photos de la randonn\u00e9e<\/h1>\n\n\n<div class=\"wp-block-image\">\n<figure class=\"aligncenter size-full\"><a href=\"\/wp-content\/uploads\/2023\/03\/DSCN7542.jpg\"><img loading=\"lazy\" decoding=\"async\" width=\"1200\" height=\"900\" src=\"\/wp-content\/uploads\/2023\/03\/DSCN7542.jpg\" alt=\"\" class=\"wp-image-7564\" srcset=\"https:\/\/mahingan.les4as.ca\/wp-content\/uploads\/2023\/03\/DSCN7542.jpg 1200w, https:\/\/mahingan.les4as.ca\/wp-content\/uploads\/2023\/03\/DSCN7542-300x225.jpg 300w, https:\/\/mahingan.les4as.ca\/wp-content\/uploads\/2023\/03\/DSCN7542-1024x768.jpg 1024w, https:\/\/mahingan.les4as.ca\/wp-content\/uploads\/2023\/03\/DSCN7542-768x576.jpg 768w, https:\/\/mahingan.les4as.ca\/wp-content\/uploads\/2023\/03\/DSCN7542-360x270.jpg 360w\" sizes=\"auto, (max-width: 1200px) 100vw, 1200px\" \/><\/a><figcaption class=\"wp-element-caption\">Le d\u00e9but du sentier.<br>N 48\u00b0 30.652&prime; W 078\u00b0 40.865&prime;<\/figcaption><\/figure>\n<\/div>\n\n<div class=\"wp-block-image\">\n<figure class=\"aligncenter size-full\"><a href=\"\/wp-content\/uploads\/2023\/03\/DSCN7597.jpg\"><img loading=\"lazy\" decoding=\"async\" width=\"1200\" height=\"900\" src=\"\/wp-content\/uploads\/2023\/03\/DSCN7597.jpg\" alt=\"\" class=\"wp-image-7609\" srcset=\"https:\/\/mahingan.les4as.ca\/wp-content\/uploads\/2023\/03\/DSCN7597.jpg 1200w, https:\/\/mahingan.les4as.ca\/wp-content\/uploads\/2023\/03\/DSCN7597-300x225.jpg 300w, https:\/\/mahingan.les4as.ca\/wp-content\/uploads\/2023\/03\/DSCN7597-1024x768.jpg 1024w, https:\/\/mahingan.les4as.ca\/wp-content\/uploads\/2023\/03\/DSCN7597-768x576.jpg 768w, https:\/\/mahingan.les4as.ca\/wp-content\/uploads\/2023\/03\/DSCN7597-360x270.jpg 360w\" sizes=\"auto, (max-width: 1200px) 100vw, 1200px\" \/><\/a><figcaption class=\"wp-element-caption\">Sa majest\u00e9, le pin blanc. <br>N 48\u00b0 30.708&prime; W 078\u00b0 40.796&prime;<\/figcaption><\/figure>\n<\/div>\n\n<div class=\"wp-block-image\">\n<figure class=\"aligncenter size-full\"><a href=\"\/wp-content\/uploads\/2023\/03\/DSCN7595.jpg\"><img loading=\"lazy\" decoding=\"async\" width=\"900\" height=\"1200\" src=\"\/wp-content\/uploads\/2023\/03\/DSCN7595.jpg\" alt=\"\" class=\"wp-image-7607\" srcset=\"https:\/\/mahingan.les4as.ca\/wp-content\/uploads\/2023\/03\/DSCN7595.jpg 900w, https:\/\/mahingan.les4as.ca\/wp-content\/uploads\/2023\/03\/DSCN7595-225x300.jpg 225w, https:\/\/mahingan.les4as.ca\/wp-content\/uploads\/2023\/03\/DSCN7595-768x1024.jpg 768w, https:\/\/mahingan.les4as.ca\/wp-content\/uploads\/2023\/03\/DSCN7595-203x270.jpg 203w\" sizes=\"auto, (max-width: 900px) 100vw, 900px\" \/><\/a><figcaption class=\"wp-element-caption\">Il a 234 printemps.<br>N 48\u00b0 30.708&prime; W 078\u00b0 40.796&prime;<\/figcaption><\/figure>\n<\/div>\n\n<div class=\"wp-block-image\">\n<figure class=\"aligncenter size-full\"><a href=\"\/wp-content\/uploads\/2023\/03\/DSCN7596.jpg\"><img loading=\"lazy\" decoding=\"async\" width=\"1200\" height=\"900\" src=\"\/wp-content\/uploads\/2023\/03\/DSCN7596.jpg\" alt=\"\" class=\"wp-image-7608\" srcset=\"https:\/\/mahingan.les4as.ca\/wp-content\/uploads\/2023\/03\/DSCN7596.jpg 1200w, https:\/\/mahingan.les4as.ca\/wp-content\/uploads\/2023\/03\/DSCN7596-300x225.jpg 300w, https:\/\/mahingan.les4as.ca\/wp-content\/uploads\/2023\/03\/DSCN7596-1024x768.jpg 1024w, https:\/\/mahingan.les4as.ca\/wp-content\/uploads\/2023\/03\/DSCN7596-768x576.jpg 768w, https:\/\/mahingan.les4as.ca\/wp-content\/uploads\/2023\/03\/DSCN7596-360x270.jpg 360w\" sizes=\"auto, (max-width: 1200px) 100vw, 1200px\" \/><\/a><figcaption class=\"wp-element-caption\">La preuve.<br>N 48\u00b0 30.708&prime; W 078\u00b0 40.796&prime;<\/figcaption><\/figure>\n<\/div>\n\n<div class=\"wp-block-image\">\n<figure class=\"aligncenter size-full\"><a href=\"\/wp-content\/uploads\/2023\/03\/DSCN7543.jpg\"><img loading=\"lazy\" decoding=\"async\" width=\"1200\" height=\"900\" src=\"\/wp-content\/uploads\/2023\/03\/DSCN7543.jpg\" alt=\"\" class=\"wp-image-7565\" srcset=\"https:\/\/mahingan.les4as.ca\/wp-content\/uploads\/2023\/03\/DSCN7543.jpg 1200w, https:\/\/mahingan.les4as.ca\/wp-content\/uploads\/2023\/03\/DSCN7543-300x225.jpg 300w, https:\/\/mahingan.les4as.ca\/wp-content\/uploads\/2023\/03\/DSCN7543-1024x768.jpg 1024w, https:\/\/mahingan.les4as.ca\/wp-content\/uploads\/2023\/03\/DSCN7543-768x576.jpg 768w, https:\/\/mahingan.les4as.ca\/wp-content\/uploads\/2023\/03\/DSCN7543-360x270.jpg 360w\" sizes=\"auto, (max-width: 1200px) 100vw, 1200px\" \/><\/a><figcaption class=\"wp-element-caption\">Le pont qui enjambe la rivi\u00e8re de l&rsquo;Esker.<br>N 48\u00b0 30.739&prime; W 078\u00b0 40.784&prime;<\/figcaption><\/figure>\n<\/div>\n\n\n<figure class=\"wp-block-gallery aligncenter has-nested-images columns-default is-cropped wp-block-gallery-1 is-layout-flex wp-block-gallery-is-layout-flex\">\n<figure class=\"wp-block-image size-full\"><a href=\"\/wp-content\/uploads\/2023\/03\/DSCN7545.jpg\"><img loading=\"lazy\" decoding=\"async\" width=\"1200\" height=\"900\" data-id=\"7567\" src=\"\/wp-content\/uploads\/2023\/03\/DSCN7545.jpg\" alt=\"\" class=\"wp-image-7567\" srcset=\"https:\/\/mahingan.les4as.ca\/wp-content\/uploads\/2023\/03\/DSCN7545.jpg 1200w, https:\/\/mahingan.les4as.ca\/wp-content\/uploads\/2023\/03\/DSCN7545-300x225.jpg 300w, https:\/\/mahingan.les4as.ca\/wp-content\/uploads\/2023\/03\/DSCN7545-1024x768.jpg 1024w, https:\/\/mahingan.les4as.ca\/wp-content\/uploads\/2023\/03\/DSCN7545-768x576.jpg 768w, https:\/\/mahingan.les4as.ca\/wp-content\/uploads\/2023\/03\/DSCN7545-360x270.jpg 360w\" sizes=\"auto, (max-width: 1200px) 100vw, 1200px\" \/><\/a><\/figure>\n\n\n\n<figure class=\"wp-block-image size-full\"><a href=\"\/wp-content\/uploads\/2023\/03\/DSCN7544.jpg\"><img loading=\"lazy\" decoding=\"async\" width=\"1200\" height=\"900\" data-id=\"7566\" src=\"\/wp-content\/uploads\/2023\/03\/DSCN7544.jpg\" alt=\"\" class=\"wp-image-7566\" srcset=\"https:\/\/mahingan.les4as.ca\/wp-content\/uploads\/2023\/03\/DSCN7544.jpg 1200w, https:\/\/mahingan.les4as.ca\/wp-content\/uploads\/2023\/03\/DSCN7544-300x225.jpg 300w, https:\/\/mahingan.les4as.ca\/wp-content\/uploads\/2023\/03\/DSCN7544-1024x768.jpg 1024w, https:\/\/mahingan.les4as.ca\/wp-content\/uploads\/2023\/03\/DSCN7544-768x576.jpg 768w, https:\/\/mahingan.les4as.ca\/wp-content\/uploads\/2023\/03\/DSCN7544-360x270.jpg 360w\" sizes=\"auto, (max-width: 1200px) 100vw, 1200px\" \/><\/a><\/figure>\n<figcaption class=\"blocks-gallery-caption wp-element-caption\">La rivi\u00e8re de l&rsquo;Esker.<br>N 48\u00b0 30.739&prime; W 078\u00b0 40.784&prime;<\/figcaption><\/figure>\n\n\n<div class=\"wp-block-image\">\n<figure class=\"aligncenter size-full\"><a href=\"\/wp-content\/uploads\/2023\/03\/DSCN7546.jpg\"><img loading=\"lazy\" decoding=\"async\" width=\"1200\" height=\"900\" src=\"\/wp-content\/uploads\/2023\/03\/DSCN7546.jpg\" alt=\"\" class=\"wp-image-7568\" srcset=\"https:\/\/mahingan.les4as.ca\/wp-content\/uploads\/2023\/03\/DSCN7546.jpg 1200w, https:\/\/mahingan.les4as.ca\/wp-content\/uploads\/2023\/03\/DSCN7546-300x225.jpg 300w, https:\/\/mahingan.les4as.ca\/wp-content\/uploads\/2023\/03\/DSCN7546-1024x768.jpg 1024w, https:\/\/mahingan.les4as.ca\/wp-content\/uploads\/2023\/03\/DSCN7546-768x576.jpg 768w, https:\/\/mahingan.les4as.ca\/wp-content\/uploads\/2023\/03\/DSCN7546-360x270.jpg 360w\" sizes=\"auto, (max-width: 1200px) 100vw, 1200px\" \/><\/a><figcaption class=\"wp-element-caption\">Point de vue sur le lac Sault.<br>N 48\u00b0 30.954&prime; W 078\u00b0 40.791&prime;<\/figcaption><\/figure>\n<\/div>\n\n<div class=\"wp-block-image\">\n<figure class=\"aligncenter size-full\"><a href=\"\/wp-content\/uploads\/2023\/03\/DSCN7548.jpg\"><img loading=\"lazy\" decoding=\"async\" width=\"1200\" height=\"900\" src=\"\/wp-content\/uploads\/2023\/03\/DSCN7548.jpg\" alt=\"\" class=\"wp-image-7569\" srcset=\"https:\/\/mahingan.les4as.ca\/wp-content\/uploads\/2023\/03\/DSCN7548.jpg 1200w, https:\/\/mahingan.les4as.ca\/wp-content\/uploads\/2023\/03\/DSCN7548-300x225.jpg 300w, https:\/\/mahingan.les4as.ca\/wp-content\/uploads\/2023\/03\/DSCN7548-1024x768.jpg 1024w, https:\/\/mahingan.les4as.ca\/wp-content\/uploads\/2023\/03\/DSCN7548-768x576.jpg 768w, https:\/\/mahingan.les4as.ca\/wp-content\/uploads\/2023\/03\/DSCN7548-360x270.jpg 360w\" sizes=\"auto, (max-width: 1200px) 100vw, 1200px\" \/><\/a><figcaption class=\"wp-element-caption\">Nous sommes assez proches de la falaise!<br>N 48\u00b0 30.954&prime; W 078\u00b0 40.791&prime;<\/figcaption><\/figure>\n<\/div>\n\n<div class=\"wp-block-image\">\n<figure class=\"aligncenter size-full\"><a href=\"\/wp-content\/uploads\/2023\/03\/DSCN7550.jpg\"><img loading=\"lazy\" decoding=\"async\" width=\"1200\" height=\"900\" src=\"\/wp-content\/uploads\/2023\/03\/DSCN7550.jpg\" alt=\"\" class=\"wp-image-7571\" srcset=\"https:\/\/mahingan.les4as.ca\/wp-content\/uploads\/2023\/03\/DSCN7550.jpg 1200w, https:\/\/mahingan.les4as.ca\/wp-content\/uploads\/2023\/03\/DSCN7550-300x225.jpg 300w, https:\/\/mahingan.les4as.ca\/wp-content\/uploads\/2023\/03\/DSCN7550-1024x768.jpg 1024w, https:\/\/mahingan.les4as.ca\/wp-content\/uploads\/2023\/03\/DSCN7550-768x576.jpg 768w, https:\/\/mahingan.les4as.ca\/wp-content\/uploads\/2023\/03\/DSCN7550-360x270.jpg 360w\" sizes=\"auto, (max-width: 1200px) 100vw, 1200px\" \/><\/a><figcaption class=\"wp-element-caption\">Un gros rocher tout pr\u00e8s de l&rsquo;escalier h\u00e9lico\u00efdal.<br>N 48\u00b0 30.967&prime; W 078\u00b0 40.779&prime;<\/figcaption><\/figure>\n<\/div>\n\n<div class=\"wp-block-image\">\n<figure class=\"aligncenter size-full\"><a href=\"\/wp-content\/uploads\/2023\/03\/DSCN7549.jpg\"><img loading=\"lazy\" decoding=\"async\" width=\"1200\" height=\"900\" src=\"\/wp-content\/uploads\/2023\/03\/DSCN7549.jpg\" alt=\"\" class=\"wp-image-7570\" srcset=\"https:\/\/mahingan.les4as.ca\/wp-content\/uploads\/2023\/03\/DSCN7549.jpg 1200w, https:\/\/mahingan.les4as.ca\/wp-content\/uploads\/2023\/03\/DSCN7549-300x225.jpg 300w, https:\/\/mahingan.les4as.ca\/wp-content\/uploads\/2023\/03\/DSCN7549-1024x768.jpg 1024w, https:\/\/mahingan.les4as.ca\/wp-content\/uploads\/2023\/03\/DSCN7549-768x576.jpg 768w, https:\/\/mahingan.les4as.ca\/wp-content\/uploads\/2023\/03\/DSCN7549-360x270.jpg 360w\" sizes=\"auto, (max-width: 1200px) 100vw, 1200px\" \/><\/a><figcaption class=\"wp-element-caption\">Le d\u00e9but de l&rsquo;escalier h\u00e9lico\u00efdal.<br>N 48\u00b0 30.967&prime; W 078\u00b0 40.779&prime;<\/figcaption><\/figure>\n<\/div>\n\n<div class=\"wp-block-image\">\n<figure class=\"aligncenter size-full\"><a href=\"\/wp-content\/uploads\/2023\/03\/DSCN7552.jpg\"><img loading=\"lazy\" decoding=\"async\" width=\"1200\" height=\"900\" src=\"\/wp-content\/uploads\/2023\/03\/DSCN7552.jpg\" alt=\"\" class=\"wp-image-7573\" srcset=\"https:\/\/mahingan.les4as.ca\/wp-content\/uploads\/2023\/03\/DSCN7552.jpg 1200w, https:\/\/mahingan.les4as.ca\/wp-content\/uploads\/2023\/03\/DSCN7552-300x225.jpg 300w, https:\/\/mahingan.les4as.ca\/wp-content\/uploads\/2023\/03\/DSCN7552-1024x768.jpg 1024w, https:\/\/mahingan.les4as.ca\/wp-content\/uploads\/2023\/03\/DSCN7552-768x576.jpg 768w, https:\/\/mahingan.les4as.ca\/wp-content\/uploads\/2023\/03\/DSCN7552-360x270.jpg 360w\" sizes=\"auto, (max-width: 1200px) 100vw, 1200px\" \/><\/a><figcaption class=\"wp-element-caption\">La vue sur le d\u00e9collet\u00e9 plongeant de l&rsquo;escalier h\u00e9lico\u00efdal.<br>N 48\u00b0 30.967&prime; W 078\u00b0 40.779&prime;<\/figcaption><\/figure>\n<\/div>\n\n<div class=\"wp-block-image\">\n<figure class=\"aligncenter size-full\"><a href=\"\/wp-content\/uploads\/2023\/03\/DSCN7553.jpg\"><img loading=\"lazy\" decoding=\"async\" width=\"1200\" height=\"900\" src=\"\/wp-content\/uploads\/2023\/03\/DSCN7553.jpg\" alt=\"\" class=\"wp-image-7574\" srcset=\"https:\/\/mahingan.les4as.ca\/wp-content\/uploads\/2023\/03\/DSCN7553.jpg 1200w, https:\/\/mahingan.les4as.ca\/wp-content\/uploads\/2023\/03\/DSCN7553-300x225.jpg 300w, https:\/\/mahingan.les4as.ca\/wp-content\/uploads\/2023\/03\/DSCN7553-1024x768.jpg 1024w, https:\/\/mahingan.les4as.ca\/wp-content\/uploads\/2023\/03\/DSCN7553-768x576.jpg 768w, https:\/\/mahingan.les4as.ca\/wp-content\/uploads\/2023\/03\/DSCN7553-360x270.jpg 360w\" sizes=\"auto, (max-width: 1200px) 100vw, 1200px\" \/><\/a><figcaption class=\"wp-element-caption\">La vue sur l&rsquo;escarpement rocheux pr\u00e8s de l&rsquo;escalier h\u00e9lico\u00efdal.<br>N 48\u00b0 30.967&prime; W 078\u00b0 40.779&prime;<\/figcaption><\/figure>\n<\/div>\n\n\n<figure class=\"wp-block-video aligncenter\"><video height=\"270\" style=\"aspect-ratio: 480 \/ 270;\" width=\"480\" controls src=\"\/wp-content\/uploads\/2023\/03\/DSCN7555_480_FPS20_BR256.mov\"><\/video><figcaption class=\"wp-element-caption\">La vue juste avant d&#8217;emprunter l&rsquo;escalier h\u00e9lico\u00efdal.<br>N 48\u00b0 30.967&prime; W 078\u00b0 40.779&prime;<\/figcaption><\/figure>\n\n\n<div class=\"wp-block-image\">\n<figure class=\"aligncenter size-full\"><a href=\"\/wp-content\/uploads\/2023\/03\/DSCN7557.jpg\"><img loading=\"lazy\" decoding=\"async\" width=\"900\" height=\"1200\" src=\"\/wp-content\/uploads\/2023\/03\/DSCN7557.jpg\" alt=\"\" class=\"wp-image-7578\" srcset=\"https:\/\/mahingan.les4as.ca\/wp-content\/uploads\/2023\/03\/DSCN7557.jpg 900w, https:\/\/mahingan.les4as.ca\/wp-content\/uploads\/2023\/03\/DSCN7557-225x300.jpg 225w, https:\/\/mahingan.les4as.ca\/wp-content\/uploads\/2023\/03\/DSCN7557-768x1024.jpg 768w, https:\/\/mahingan.les4as.ca\/wp-content\/uploads\/2023\/03\/DSCN7557-203x270.jpg 203w\" sizes=\"auto, (max-width: 900px) 100vw, 900px\" \/><\/a><figcaption class=\"wp-element-caption\">L&rsquo;escalier h\u00e9lico\u00efdal.<br>N 48\u00b0 30.967&prime; W 078\u00b0 40.779&prime;<\/figcaption><\/figure>\n<\/div>\n\n\n<figure class=\"wp-block-video aligncenter\"><video height=\"270\" style=\"aspect-ratio: 480 \/ 270;\" width=\"480\" controls src=\"\/wp-content\/uploads\/2023\/03\/DSCN7556_480_FPS20_BR1056.mov\"><\/video><figcaption class=\"wp-element-caption\">L&rsquo;escalier h\u00e9lico\u00efdal.<br>N 48\u00b0 30.967&prime; W 078\u00b0 40.779&prime;<\/figcaption><\/figure>\n\n\n<div class=\"wp-block-image\">\n<figure class=\"aligncenter size-full\"><a href=\"\/wp-content\/uploads\/2023\/03\/DSCN7561.jpg\"><img loading=\"lazy\" decoding=\"async\" width=\"1200\" height=\"900\" src=\"\/wp-content\/uploads\/2023\/03\/DSCN7561.jpg\" alt=\"\" class=\"wp-image-7580\" srcset=\"https:\/\/mahingan.les4as.ca\/wp-content\/uploads\/2023\/03\/DSCN7561.jpg 1200w, https:\/\/mahingan.les4as.ca\/wp-content\/uploads\/2023\/03\/DSCN7561-300x225.jpg 300w, https:\/\/mahingan.les4as.ca\/wp-content\/uploads\/2023\/03\/DSCN7561-1024x768.jpg 1024w, https:\/\/mahingan.les4as.ca\/wp-content\/uploads\/2023\/03\/DSCN7561-768x576.jpg 768w, https:\/\/mahingan.les4as.ca\/wp-content\/uploads\/2023\/03\/DSCN7561-360x270.jpg 360w\" sizes=\"auto, (max-width: 1200px) 100vw, 1200px\" \/><\/a><figcaption class=\"wp-element-caption\">Les escaliers en bois juste apr\u00e8s l&rsquo;escalier h\u00e9lico\u00efdal.<br>N 48\u00b0 30.967&prime; W 078\u00b0 40.779&prime;<\/figcaption><\/figure>\n<\/div>\n\n<div class=\"wp-block-image\">\n<figure class=\"aligncenter size-full\"><a href=\"\/wp-content\/uploads\/2023\/03\/DSCN7562.jpg\"><img loading=\"lazy\" decoding=\"async\" width=\"1200\" height=\"900\" src=\"\/wp-content\/uploads\/2023\/03\/DSCN7562.jpg\" alt=\"\" class=\"wp-image-7581\" srcset=\"https:\/\/mahingan.les4as.ca\/wp-content\/uploads\/2023\/03\/DSCN7562.jpg 1200w, https:\/\/mahingan.les4as.ca\/wp-content\/uploads\/2023\/03\/DSCN7562-300x225.jpg 300w, https:\/\/mahingan.les4as.ca\/wp-content\/uploads\/2023\/03\/DSCN7562-1024x768.jpg 1024w, https:\/\/mahingan.les4as.ca\/wp-content\/uploads\/2023\/03\/DSCN7562-768x576.jpg 768w, https:\/\/mahingan.les4as.ca\/wp-content\/uploads\/2023\/03\/DSCN7562-360x270.jpg 360w\" sizes=\"auto, (max-width: 1200px) 100vw, 1200px\" \/><\/a><figcaption class=\"wp-element-caption\">\u00abJe suis bien contente de descendre les escaliers \u00bb, dit Jos\u00e9e.<br>N 48\u00b0 30.967&prime; W 078\u00b0 40.779&prime;<\/figcaption><\/figure>\n<\/div>\n\n<div class=\"wp-block-image\">\n<figure class=\"aligncenter size-full\"><a href=\"\/wp-content\/uploads\/2023\/03\/DSCN7564.jpg\"><img loading=\"lazy\" decoding=\"async\" width=\"1200\" height=\"900\" src=\"\/wp-content\/uploads\/2023\/03\/DSCN7564.jpg\" alt=\"\" class=\"wp-image-7582\" srcset=\"https:\/\/mahingan.les4as.ca\/wp-content\/uploads\/2023\/03\/DSCN7564.jpg 1200w, https:\/\/mahingan.les4as.ca\/wp-content\/uploads\/2023\/03\/DSCN7564-300x225.jpg 300w, https:\/\/mahingan.les4as.ca\/wp-content\/uploads\/2023\/03\/DSCN7564-1024x768.jpg 1024w, https:\/\/mahingan.les4as.ca\/wp-content\/uploads\/2023\/03\/DSCN7564-768x576.jpg 768w, https:\/\/mahingan.les4as.ca\/wp-content\/uploads\/2023\/03\/DSCN7564-360x270.jpg 360w\" sizes=\"auto, (max-width: 1200px) 100vw, 1200px\" \/><\/a><figcaption class=\"wp-element-caption\">Encore des escaliers!<br>N 48\u00b0 30.967&prime; W 078\u00b0 40.779&prime;<\/figcaption><\/figure>\n<\/div>\n\n<div class=\"wp-block-image\">\n<figure class=\"aligncenter size-full\"><a href=\"\/wp-content\/uploads\/2023\/03\/DSCN7566.jpg\"><img loading=\"lazy\" decoding=\"async\" width=\"1200\" height=\"900\" src=\"\/wp-content\/uploads\/2023\/03\/DSCN7566.jpg\" alt=\"\" class=\"wp-image-7583\" srcset=\"https:\/\/mahingan.les4as.ca\/wp-content\/uploads\/2023\/03\/DSCN7566.jpg 1200w, https:\/\/mahingan.les4as.ca\/wp-content\/uploads\/2023\/03\/DSCN7566-300x225.jpg 300w, https:\/\/mahingan.les4as.ca\/wp-content\/uploads\/2023\/03\/DSCN7566-1024x768.jpg 1024w, https:\/\/mahingan.les4as.ca\/wp-content\/uploads\/2023\/03\/DSCN7566-768x576.jpg 768w, https:\/\/mahingan.les4as.ca\/wp-content\/uploads\/2023\/03\/DSCN7566-360x270.jpg 360w\" sizes=\"auto, (max-width: 1200px) 100vw, 1200px\" \/><\/a><figcaption class=\"wp-element-caption\">La vue sur le lac de la Muraille.<br>N 48\u00b0 31.067&prime; W 078\u00b0 41.065&prime;<\/figcaption><\/figure>\n<\/div>\n\n<div class=\"wp-block-image\">\n<figure class=\"aligncenter size-full\"><a href=\"\/wp-content\/uploads\/2023\/03\/DSCN7567.jpg\"><img loading=\"lazy\" decoding=\"async\" width=\"1200\" height=\"900\" src=\"\/wp-content\/uploads\/2023\/03\/DSCN7567.jpg\" alt=\"\" class=\"wp-image-7584\" srcset=\"https:\/\/mahingan.les4as.ca\/wp-content\/uploads\/2023\/03\/DSCN7567.jpg 1200w, https:\/\/mahingan.les4as.ca\/wp-content\/uploads\/2023\/03\/DSCN7567-300x225.jpg 300w, https:\/\/mahingan.les4as.ca\/wp-content\/uploads\/2023\/03\/DSCN7567-1024x768.jpg 1024w, https:\/\/mahingan.les4as.ca\/wp-content\/uploads\/2023\/03\/DSCN7567-768x576.jpg 768w, https:\/\/mahingan.les4as.ca\/wp-content\/uploads\/2023\/03\/DSCN7567-360x270.jpg 360w\" sizes=\"auto, (max-width: 1200px) 100vw, 1200px\" \/><\/a><figcaption class=\"wp-element-caption\">Le sentier est beaucoup moins emprunt\u00e9 apr\u00e8s le lac de la Muraille.<br>N 48\u00b0 31.067&prime; W 078\u00b0 41.065&prime;<\/figcaption><\/figure>\n<\/div>\n\n<div class=\"wp-block-image\">\n<figure class=\"aligncenter size-full\"><a href=\"\/wp-content\/uploads\/2023\/03\/DSCN7568.jpg\"><img loading=\"lazy\" decoding=\"async\" width=\"1200\" height=\"900\" src=\"\/wp-content\/uploads\/2023\/03\/DSCN7568.jpg\" alt=\"\" class=\"wp-image-7585\" srcset=\"https:\/\/mahingan.les4as.ca\/wp-content\/uploads\/2023\/03\/DSCN7568.jpg 1200w, https:\/\/mahingan.les4as.ca\/wp-content\/uploads\/2023\/03\/DSCN7568-300x225.jpg 300w, https:\/\/mahingan.les4as.ca\/wp-content\/uploads\/2023\/03\/DSCN7568-1024x768.jpg 1024w, https:\/\/mahingan.les4as.ca\/wp-content\/uploads\/2023\/03\/DSCN7568-768x576.jpg 768w, https:\/\/mahingan.les4as.ca\/wp-content\/uploads\/2023\/03\/DSCN7568-360x270.jpg 360w\" sizes=\"auto, (max-width: 1200px) 100vw, 1200px\" \/><\/a><figcaption class=\"wp-element-caption\">Un point de vue sur le refuge le Dytique.<br>N 48\u00b0 30.540&prime; W 078\u00b0 41.152&prime;<\/figcaption><\/figure>\n<\/div>\n\n<div class=\"wp-block-image\">\n<figure class=\"aligncenter size-full\"><a href=\"\/wp-content\/uploads\/2023\/03\/DSCN7570.jpg\"><img loading=\"lazy\" decoding=\"async\" width=\"1200\" height=\"900\" src=\"\/wp-content\/uploads\/2023\/03\/DSCN7570.jpg\" alt=\"\" class=\"wp-image-7586\" srcset=\"https:\/\/mahingan.les4as.ca\/wp-content\/uploads\/2023\/03\/DSCN7570.jpg 1200w, https:\/\/mahingan.les4as.ca\/wp-content\/uploads\/2023\/03\/DSCN7570-300x225.jpg 300w, https:\/\/mahingan.les4as.ca\/wp-content\/uploads\/2023\/03\/DSCN7570-1024x768.jpg 1024w, https:\/\/mahingan.les4as.ca\/wp-content\/uploads\/2023\/03\/DSCN7570-768x576.jpg 768w, https:\/\/mahingan.les4as.ca\/wp-content\/uploads\/2023\/03\/DSCN7570-360x270.jpg 360w\" sizes=\"auto, (max-width: 1200px) 100vw, 1200px\" \/><\/a><figcaption class=\"wp-element-caption\">J&rsquo;utilise le zoom de mon appareil photo pour bien observer le refuge le Dytique.<br>N 48\u00b0 30.540&prime; W 078\u00b0 41.152&prime;<\/figcaption><\/figure>\n<\/div>\n\n<div class=\"wp-block-image\">\n<figure class=\"aligncenter size-full\"><a href=\"\/wp-content\/uploads\/2023\/03\/DSCN7571.jpg\"><img loading=\"lazy\" decoding=\"async\" width=\"1200\" height=\"900\" src=\"\/wp-content\/uploads\/2023\/03\/DSCN7571.jpg\" alt=\"\" class=\"wp-image-7587\" srcset=\"https:\/\/mahingan.les4as.ca\/wp-content\/uploads\/2023\/03\/DSCN7571.jpg 1200w, https:\/\/mahingan.les4as.ca\/wp-content\/uploads\/2023\/03\/DSCN7571-300x225.jpg 300w, https:\/\/mahingan.les4as.ca\/wp-content\/uploads\/2023\/03\/DSCN7571-1024x768.jpg 1024w, https:\/\/mahingan.les4as.ca\/wp-content\/uploads\/2023\/03\/DSCN7571-768x576.jpg 768w, https:\/\/mahingan.les4as.ca\/wp-content\/uploads\/2023\/03\/DSCN7571-360x270.jpg 360w\" sizes=\"auto, (max-width: 1200px) 100vw, 1200px\" \/><\/a><figcaption class=\"wp-element-caption\">Le lac Sault vu de la falaise.<br>N 48\u00b0 30.261&prime; W 078\u00b0 41.362&prime;<\/figcaption><\/figure>\n<\/div>\n\n\n<figure class=\"wp-block-gallery aligncenter has-nested-images columns-default is-cropped wp-block-gallery-2 is-layout-flex wp-block-gallery-is-layout-flex\">\n<figure class=\"wp-block-image size-full\"><a href=\"\/wp-content\/uploads\/2023\/03\/DSCN7573.jpg\"><img loading=\"lazy\" decoding=\"async\" width=\"1200\" height=\"900\" data-id=\"7588\" src=\"\/wp-content\/uploads\/2023\/03\/DSCN7573.jpg\" alt=\"\" class=\"wp-image-7588\" srcset=\"https:\/\/mahingan.les4as.ca\/wp-content\/uploads\/2023\/03\/DSCN7573.jpg 1200w, https:\/\/mahingan.les4as.ca\/wp-content\/uploads\/2023\/03\/DSCN7573-300x225.jpg 300w, https:\/\/mahingan.les4as.ca\/wp-content\/uploads\/2023\/03\/DSCN7573-1024x768.jpg 1024w, https:\/\/mahingan.les4as.ca\/wp-content\/uploads\/2023\/03\/DSCN7573-768x576.jpg 768w, https:\/\/mahingan.les4as.ca\/wp-content\/uploads\/2023\/03\/DSCN7573-360x270.jpg 360w\" sizes=\"auto, (max-width: 1200px) 100vw, 1200px\" \/><\/a><\/figure>\n\n\n\n<figure class=\"wp-block-image size-full\"><a href=\"\/wp-content\/uploads\/2023\/03\/DSCN7574.jpg\"><img loading=\"lazy\" decoding=\"async\" width=\"1200\" height=\"900\" data-id=\"7589\" src=\"\/wp-content\/uploads\/2023\/03\/DSCN7574.jpg\" alt=\"\" class=\"wp-image-7589\" srcset=\"https:\/\/mahingan.les4as.ca\/wp-content\/uploads\/2023\/03\/DSCN7574.jpg 1200w, https:\/\/mahingan.les4as.ca\/wp-content\/uploads\/2023\/03\/DSCN7574-300x225.jpg 300w, https:\/\/mahingan.les4as.ca\/wp-content\/uploads\/2023\/03\/DSCN7574-1024x768.jpg 1024w, https:\/\/mahingan.les4as.ca\/wp-content\/uploads\/2023\/03\/DSCN7574-768x576.jpg 768w, https:\/\/mahingan.les4as.ca\/wp-content\/uploads\/2023\/03\/DSCN7574-360x270.jpg 360w\" sizes=\"auto, (max-width: 1200px) 100vw, 1200px\" \/><\/a><\/figure>\n\n\n\n<figure class=\"wp-block-image size-full\"><a href=\"\/wp-content\/uploads\/2023\/03\/DSCN7575.jpg\"><img loading=\"lazy\" decoding=\"async\" width=\"1200\" height=\"900\" data-id=\"7590\" src=\"\/wp-content\/uploads\/2023\/03\/DSCN7575.jpg\" alt=\"\" class=\"wp-image-7590\" srcset=\"https:\/\/mahingan.les4as.ca\/wp-content\/uploads\/2023\/03\/DSCN7575.jpg 1200w, https:\/\/mahingan.les4as.ca\/wp-content\/uploads\/2023\/03\/DSCN7575-300x225.jpg 300w, https:\/\/mahingan.les4as.ca\/wp-content\/uploads\/2023\/03\/DSCN7575-1024x768.jpg 1024w, https:\/\/mahingan.les4as.ca\/wp-content\/uploads\/2023\/03\/DSCN7575-768x576.jpg 768w, https:\/\/mahingan.les4as.ca\/wp-content\/uploads\/2023\/03\/DSCN7575-360x270.jpg 360w\" sizes=\"auto, (max-width: 1200px) 100vw, 1200px\" \/><\/a><\/figure>\n<figcaption class=\"blocks-gallery-caption wp-element-caption\">C&rsquo;est sur la rive du lac Sault que nous prenons notre d\u00eener.<br>N 48\u00b0 30.002&prime; W 078\u00b0 41.483&prime;<\/figcaption><\/figure>\n\n\n\n<figure class=\"wp-block-video aligncenter\"><video height=\"270\" style=\"aspect-ratio: 480 \/ 270;\" width=\"480\" controls src=\"\/wp-content\/uploads\/2023\/03\/DSCN7576_480_FPS20_BR944.mov\"><\/video><figcaption class=\"wp-element-caption\">Le lac Sault.<br>N 48\u00b0 30.002&prime; W 078\u00b0 41.483&prime;<\/figcaption><\/figure>\n\n\n<div class=\"wp-block-image\">\n<figure class=\"aligncenter size-full\"><a href=\"\/wp-content\/uploads\/2023\/03\/DSCN7579-DSCN7581.jpg\"><img loading=\"lazy\" decoding=\"async\" width=\"1200\" height=\"452\" src=\"\/wp-content\/uploads\/2023\/03\/DSCN7579-DSCN7581.jpg\" alt=\"\" class=\"wp-image-7617\" srcset=\"https:\/\/mahingan.les4as.ca\/wp-content\/uploads\/2023\/03\/DSCN7579-DSCN7581.jpg 1200w, https:\/\/mahingan.les4as.ca\/wp-content\/uploads\/2023\/03\/DSCN7579-DSCN7581-300x113.jpg 300w, https:\/\/mahingan.les4as.ca\/wp-content\/uploads\/2023\/03\/DSCN7579-DSCN7581-1024x386.jpg 1024w, https:\/\/mahingan.les4as.ca\/wp-content\/uploads\/2023\/03\/DSCN7579-DSCN7581-768x289.jpg 768w, https:\/\/mahingan.les4as.ca\/wp-content\/uploads\/2023\/03\/DSCN7579-DSCN7581-604x228.jpg 604w\" sizes=\"auto, (max-width: 1200px) 100vw, 1200px\" \/><\/a><figcaption class=\"wp-element-caption\">Le lac Perch\u00e9.<br>N 48\u00b0 30.008&prime; W 078\u00b0 41.681&prime;<\/figcaption><\/figure>\n<\/div>\n\n<div class=\"wp-block-image\">\n<figure class=\"aligncenter size-full\"><a href=\"\/wp-content\/uploads\/2023\/03\/DSCN7582.jpg\"><img loading=\"lazy\" decoding=\"async\" width=\"1200\" height=\"900\" src=\"\/wp-content\/uploads\/2023\/03\/DSCN7582.jpg\" alt=\"\" class=\"wp-image-7595\" srcset=\"https:\/\/mahingan.les4as.ca\/wp-content\/uploads\/2023\/03\/DSCN7582.jpg 1200w, https:\/\/mahingan.les4as.ca\/wp-content\/uploads\/2023\/03\/DSCN7582-300x225.jpg 300w, https:\/\/mahingan.les4as.ca\/wp-content\/uploads\/2023\/03\/DSCN7582-1024x768.jpg 1024w, https:\/\/mahingan.les4as.ca\/wp-content\/uploads\/2023\/03\/DSCN7582-768x576.jpg 768w, https:\/\/mahingan.les4as.ca\/wp-content\/uploads\/2023\/03\/DSCN7582-360x270.jpg 360w\" sizes=\"auto, (max-width: 1200px) 100vw, 1200px\" \/><\/a><figcaption class=\"wp-element-caption\">Le lac Sault, extr\u00e9mit\u00e9 sud.<br>N 48\u00b0 29.573&prime; W 078\u00b0 41.814&prime;<\/figcaption><\/figure>\n<\/div>\n\n<div class=\"wp-block-image\">\n<figure class=\"aligncenter size-full\"><a href=\"\/wp-content\/uploads\/2023\/03\/DSCN7584.jpg\"><img loading=\"lazy\" decoding=\"async\" width=\"1200\" height=\"900\" src=\"\/wp-content\/uploads\/2023\/03\/DSCN7584.jpg\" alt=\"\" class=\"wp-image-7596\" srcset=\"https:\/\/mahingan.les4as.ca\/wp-content\/uploads\/2023\/03\/DSCN7584.jpg 1200w, https:\/\/mahingan.les4as.ca\/wp-content\/uploads\/2023\/03\/DSCN7584-300x225.jpg 300w, https:\/\/mahingan.les4as.ca\/wp-content\/uploads\/2023\/03\/DSCN7584-1024x768.jpg 1024w, https:\/\/mahingan.les4as.ca\/wp-content\/uploads\/2023\/03\/DSCN7584-768x576.jpg 768w, https:\/\/mahingan.les4as.ca\/wp-content\/uploads\/2023\/03\/DSCN7584-360x270.jpg 360w\" sizes=\"auto, (max-width: 1200px) 100vw, 1200px\" \/><\/a><figcaption class=\"wp-element-caption\">La rivi\u00e8re au nord du lac Sault.<br>N 48\u00b0 30.867&prime; W 078\u00b0 40.883&prime;<\/figcaption><\/figure>\n<\/div>\n\n<div class=\"wp-block-image\">\n<figure class=\"aligncenter size-full\"><a href=\"\/wp-content\/uploads\/2023\/03\/DSCN7585.jpg\"><img loading=\"lazy\" decoding=\"async\" width=\"1200\" height=\"900\" src=\"\/wp-content\/uploads\/2023\/03\/DSCN7585.jpg\" alt=\"\" class=\"wp-image-7597\" srcset=\"https:\/\/mahingan.les4as.ca\/wp-content\/uploads\/2023\/03\/DSCN7585.jpg 1200w, https:\/\/mahingan.les4as.ca\/wp-content\/uploads\/2023\/03\/DSCN7585-300x225.jpg 300w, https:\/\/mahingan.les4as.ca\/wp-content\/uploads\/2023\/03\/DSCN7585-1024x768.jpg 1024w, https:\/\/mahingan.les4as.ca\/wp-content\/uploads\/2023\/03\/DSCN7585-768x576.jpg 768w, https:\/\/mahingan.les4as.ca\/wp-content\/uploads\/2023\/03\/DSCN7585-360x270.jpg 360w\" sizes=\"auto, (max-width: 1200px) 100vw, 1200px\" \/><\/a><figcaption class=\"wp-element-caption\">Le lac Saut, extr\u00e9mit\u00e9 nord.<br>N 48\u00b0 30.867&prime; W 078\u00b0 40.883&prime;<\/figcaption><\/figure>\n<\/div>\n\n<div class=\"wp-block-image\">\n<figure class=\"aligncenter size-full\"><a href=\"\/wp-content\/uploads\/2023\/03\/DSCN7586.jpg\"><img loading=\"lazy\" decoding=\"async\" width=\"900\" height=\"1200\" src=\"\/wp-content\/uploads\/2023\/03\/DSCN7586.jpg\" alt=\"\" class=\"wp-image-7598\" srcset=\"https:\/\/mahingan.les4as.ca\/wp-content\/uploads\/2023\/03\/DSCN7586.jpg 900w, https:\/\/mahingan.les4as.ca\/wp-content\/uploads\/2023\/03\/DSCN7586-225x300.jpg 225w, https:\/\/mahingan.les4as.ca\/wp-content\/uploads\/2023\/03\/DSCN7586-768x1024.jpg 768w, https:\/\/mahingan.les4as.ca\/wp-content\/uploads\/2023\/03\/DSCN7586-203x270.jpg 203w\" sizes=\"auto, (max-width: 900px) 100vw, 900px\" \/><\/a><figcaption class=\"wp-element-caption\">La passerelle flottante sur le bord du lac Sault.<br>N 48\u00b0 30.867&prime; W 078\u00b0 40.883&prime;<\/figcaption><\/figure>\n<\/div>\n\n<div class=\"wp-block-image\">\n<figure class=\"aligncenter size-full\"><a href=\"\/wp-content\/uploads\/2023\/03\/DSCN7587.jpg\"><img loading=\"lazy\" decoding=\"async\" width=\"900\" height=\"1200\" src=\"\/wp-content\/uploads\/2023\/03\/DSCN7587.jpg\" alt=\"\" class=\"wp-image-7599\" srcset=\"https:\/\/mahingan.les4as.ca\/wp-content\/uploads\/2023\/03\/DSCN7587.jpg 900w, https:\/\/mahingan.les4as.ca\/wp-content\/uploads\/2023\/03\/DSCN7587-225x300.jpg 225w, https:\/\/mahingan.les4as.ca\/wp-content\/uploads\/2023\/03\/DSCN7587-768x1024.jpg 768w, https:\/\/mahingan.les4as.ca\/wp-content\/uploads\/2023\/03\/DSCN7587-203x270.jpg 203w\" sizes=\"auto, (max-width: 900px) 100vw, 900px\" \/><\/a><figcaption class=\"wp-element-caption\">La passerelle flottante sur le bord du lac Sault.<br>N 48\u00b0 30.867&prime; W 078\u00b0 40.883&prime;<\/figcaption><\/figure>\n<\/div>\n\n<div class=\"wp-block-image\">\n<figure class=\"aligncenter size-full\"><a href=\"\/wp-content\/uploads\/2023\/03\/DSCN7588.jpg\"><img loading=\"lazy\" decoding=\"async\" width=\"1200\" height=\"900\" src=\"\/wp-content\/uploads\/2023\/03\/DSCN7588.jpg\" alt=\"\" class=\"wp-image-7600\" srcset=\"https:\/\/mahingan.les4as.ca\/wp-content\/uploads\/2023\/03\/DSCN7588.jpg 1200w, https:\/\/mahingan.les4as.ca\/wp-content\/uploads\/2023\/03\/DSCN7588-300x225.jpg 300w, https:\/\/mahingan.les4as.ca\/wp-content\/uploads\/2023\/03\/DSCN7588-1024x768.jpg 1024w, https:\/\/mahingan.les4as.ca\/wp-content\/uploads\/2023\/03\/DSCN7588-768x576.jpg 768w, https:\/\/mahingan.les4as.ca\/wp-content\/uploads\/2023\/03\/DSCN7588-360x270.jpg 360w\" sizes=\"auto, (max-width: 1200px) 100vw, 1200px\" \/><\/a><figcaption class=\"wp-element-caption\">La passerelle sur le bord du lac Sault.<br>N 48\u00b0 30.840&prime; W 078\u00b0 40.862&prime;<\/figcaption><\/figure>\n<\/div>\n\n<div class=\"wp-block-image\">\n<figure class=\"aligncenter size-full\"><a href=\"\/wp-content\/uploads\/2023\/03\/DSCN7590.jpg\"><img loading=\"lazy\" decoding=\"async\" width=\"1200\" height=\"900\" src=\"\/wp-content\/uploads\/2023\/03\/DSCN7590.jpg\" alt=\"\" class=\"wp-image-7602\" srcset=\"https:\/\/mahingan.les4as.ca\/wp-content\/uploads\/2023\/03\/DSCN7590.jpg 1200w, https:\/\/mahingan.les4as.ca\/wp-content\/uploads\/2023\/03\/DSCN7590-300x225.jpg 300w, https:\/\/mahingan.les4as.ca\/wp-content\/uploads\/2023\/03\/DSCN7590-1024x768.jpg 1024w, https:\/\/mahingan.les4as.ca\/wp-content\/uploads\/2023\/03\/DSCN7590-768x576.jpg 768w, https:\/\/mahingan.les4as.ca\/wp-content\/uploads\/2023\/03\/DSCN7590-360x270.jpg 360w\" sizes=\"auto, (max-width: 1200px) 100vw, 1200px\" \/><\/a><figcaption class=\"wp-element-caption\">La passerelle flottante.<br>N 48\u00b0 30.840&prime; W 078\u00b0 40.862&prime;<\/figcaption><\/figure>\n<\/div>\n\n<div class=\"wp-block-image\">\n<figure class=\"aligncenter size-full\"><a href=\"\/wp-content\/uploads\/2023\/03\/DSCN7591.jpg\"><img loading=\"lazy\" decoding=\"async\" width=\"1200\" height=\"900\" src=\"\/wp-content\/uploads\/2023\/03\/DSCN7591.jpg\" alt=\"\" class=\"wp-image-7603\" srcset=\"https:\/\/mahingan.les4as.ca\/wp-content\/uploads\/2023\/03\/DSCN7591.jpg 1200w, https:\/\/mahingan.les4as.ca\/wp-content\/uploads\/2023\/03\/DSCN7591-300x225.jpg 300w, https:\/\/mahingan.les4as.ca\/wp-content\/uploads\/2023\/03\/DSCN7591-1024x768.jpg 1024w, https:\/\/mahingan.les4as.ca\/wp-content\/uploads\/2023\/03\/DSCN7591-768x576.jpg 768w, https:\/\/mahingan.les4as.ca\/wp-content\/uploads\/2023\/03\/DSCN7591-360x270.jpg 360w\" sizes=\"auto, (max-width: 1200px) 100vw, 1200px\" \/><\/a><figcaption class=\"wp-element-caption\">La vue du lac Sault de la passerelle.<br>N 48\u00b0 30.840&prime; W 078\u00b0 40.862&prime;<\/figcaption><\/figure>\n<\/div>\n\n<div class=\"wp-block-image\">\n<figure class=\"aligncenter size-full\"><a href=\"\/wp-content\/uploads\/2023\/03\/DSCN7592.jpg\"><img loading=\"lazy\" decoding=\"async\" width=\"1200\" height=\"900\" src=\"\/wp-content\/uploads\/2023\/03\/DSCN7592.jpg\" alt=\"\" class=\"wp-image-7604\" srcset=\"https:\/\/mahingan.les4as.ca\/wp-content\/uploads\/2023\/03\/DSCN7592.jpg 1200w, https:\/\/mahingan.les4as.ca\/wp-content\/uploads\/2023\/03\/DSCN7592-300x225.jpg 300w, https:\/\/mahingan.les4as.ca\/wp-content\/uploads\/2023\/03\/DSCN7592-1024x768.jpg 1024w, https:\/\/mahingan.les4as.ca\/wp-content\/uploads\/2023\/03\/DSCN7592-768x576.jpg 768w, https:\/\/mahingan.les4as.ca\/wp-content\/uploads\/2023\/03\/DSCN7592-360x270.jpg 360w\" sizes=\"auto, (max-width: 1200px) 100vw, 1200px\" \/><\/a><figcaption class=\"wp-element-caption\">Jos\u00e9e admire le photographe au lieu d&rsquo;admirer le paysage!<br>N 48\u00b0 30.840&prime; W 078\u00b0 40.862&prime;<\/figcaption><\/figure>\n<\/div>\n\n<div class=\"wp-block-image\">\n<figure class=\"aligncenter size-full\"><a href=\"\/wp-content\/uploads\/2023\/03\/DSCN7594.jpg\"><img loading=\"lazy\" decoding=\"async\" width=\"1200\" height=\"900\" src=\"\/wp-content\/uploads\/2023\/03\/DSCN7594.jpg\" alt=\"\" class=\"wp-image-7606\" srcset=\"https:\/\/mahingan.les4as.ca\/wp-content\/uploads\/2023\/03\/DSCN7594.jpg 1200w, https:\/\/mahingan.les4as.ca\/wp-content\/uploads\/2023\/03\/DSCN7594-300x225.jpg 300w, https:\/\/mahingan.les4as.ca\/wp-content\/uploads\/2023\/03\/DSCN7594-1024x768.jpg 1024w, https:\/\/mahingan.les4as.ca\/wp-content\/uploads\/2023\/03\/DSCN7594-768x576.jpg 768w, https:\/\/mahingan.les4as.ca\/wp-content\/uploads\/2023\/03\/DSCN7594-360x270.jpg 360w\" sizes=\"auto, (max-width: 1200px) 100vw, 1200px\" \/><\/a><figcaption class=\"wp-element-caption\">Les diff\u00e9rentes passerelles.<br>N 48\u00b0 30.840&prime; W 078\u00b0 40.862&prime;<\/figcaption><\/figure>\n<\/div>","protected":false},"excerpt":{"rendered":"<p>R\u00e9sum\u00e9 de la randonn\u00e9e Ces deux sentiers seront les derniers de notre s\u00e9jour dans le parc national d\u2019Aiguebelle. Nous allons commencer l\u2019exploration avec une portion du sentier les Paysages pour ensuite emprunter le sentier les Versants et, finalement, sur notre retour, terminer la boucle du sentier les Paysages. Notre but est d\u2019essayer d\u2019atteindre la ligne de partage des eaux par le sentier les Versants. De notre emplacement de camping dans le secteur Abij\u00e9vis, nous empruntons la route 27 nord pour&#8230;<\/p>\n<p class=\"read-more\"><a class=\"btn btn-default\" href=\"https:\/\/mahingan.les4as.ca\/?p=7440\">Lire la suite<span class=\"screen-reader-text\"> Lire la suite<\/span><\/a><\/p>\n","protected":false},"author":1,"featured_media":7595,"comment_status":"open","ping_status":"open","sticky":false,"template":"","format":"standard","meta":{"footnotes":""},"categories":[40,41,3,35],"tags":[16],"class_list":["post-7440","post","type-post","status-publish","format-standard","has-post-thumbnail","hentry","category-abitibi-temiscamingue","category-parc-national-daiguebelle","category-randonnees","category-regions-administratives-du-quebec","tag-randonnee"],"_links":{"self":[{"href":"https:\/\/mahingan.les4as.ca\/index.php?rest_route=\/wp\/v2\/posts\/7440","targetHints":{"allow":["GET"]}}],"collection":[{"href":"https:\/\/mahingan.les4as.ca\/index.php?rest_route=\/wp\/v2\/posts"}],"about":[{"href":"https:\/\/mahingan.les4as.ca\/index.php?rest_route=\/wp\/v2\/types\/post"}],"author":[{"embeddable":true,"href":"https:\/\/mahingan.les4as.ca\/index.php?rest_route=\/wp\/v2\/users\/1"}],"replies":[{"embeddable":true,"href":"https:\/\/mahingan.les4as.ca\/index.php?rest_route=%2Fwp%2Fv2%2Fcomments&post=7440"}],"version-history":[{"count":26,"href":"https:\/\/mahingan.les4as.ca\/index.php?rest_route=\/wp\/v2\/posts\/7440\/revisions"}],"predecessor-version":[{"id":7811,"href":"https:\/\/mahingan.les4as.ca\/index.php?rest_route=\/wp\/v2\/posts\/7440\/revisions\/7811"}],"wp:featuredmedia":[{"embeddable":true,"href":"https:\/\/mahingan.les4as.ca\/index.php?rest_route=\/wp\/v2\/media\/7595"}],"wp:attachment":[{"href":"https:\/\/mahingan.les4as.ca\/index.php?rest_route=%2Fwp%2Fv2%2Fmedia&parent=7440"}],"wp:term":[{"taxonomy":"category","embeddable":true,"href":"https:\/\/mahingan.les4as.ca\/index.php?rest_route=%2Fwp%2Fv2%2Fcategories&post=7440"},{"taxonomy":"post_tag","embeddable":true,"href":"https:\/\/mahingan.les4as.ca\/index.php?rest_route=%2Fwp%2Fv2%2Ftags&post=7440"}],"curies":[{"name":"wp","href":"https:\/\/api.w.org\/{rel}","templated":true}]}}