{"id":7407,"date":"2023-02-27T10:38:57","date_gmt":"2023-02-27T15:38:57","guid":{"rendered":"https:\/\/mahingan.les4as.ca\/?p=7407"},"modified":"2023-03-09T14:11:22","modified_gmt":"2023-03-09T19:11:22","slug":"sentier-le-garde-feu","status":"publish","type":"post","link":"https:\/\/mahingan.les4as.ca\/?p=7407","title":{"rendered":"Sentier le Garde-Feu"},"content":{"rendered":"\n<h1 class=\"wp-block-heading\">R\u00e9sum\u00e9 de la randonn\u00e9e<\/h1>\n\n\n\n<p>Aujourd\u2019hui, nous allons visiter la tour du garde-feu situ\u00e9e sur la colline la Trompeuse. Pour atteindre le stationnement, du terrain de camping, empruntez la route 27 nord pour ensuite prendre la route 2 est jusqu\u2019\u00e0 la route 24 nord. Le stationnement est sur votre droite.<\/p>\n\n\n\n<p>Des le d\u00e9but du sentier, l\u2019ascension est graduelle et soutenue jusqu\u2019au sommet. \u00c0 mi-chemin, sur le bord du sentier, un arbre est couch\u00e9 et expose ses racines. En utilisant plusieurs roches mises au jour, des randonneurs en ont profit\u00e9 pour donner naissance \u00e0 plusieurs inuksuks. Un peu avant d\u2019arriver au sommet, la tour appara\u00eet soudainement. Elle est impressionnante. Nous utilisons les escaliers pour en atteindre la base. De cet endroit, nous disposons d\u2019une vue magnifique sur 360 degr\u00e9s. Nous apercevons le Mont Dominant ainsi que la tour de communication radio \u00e0 son sommet. Cette tour a \u00e9t\u00e9 \u00e9rig\u00e9e avec les vestiges de la tour de Basserode qui \u00e9tait situ\u00e9e \u00e0 80 kilom\u00e8tres au sud de Rouyn-Noranda et qui avait une hauteur de 30 m\u00e8tres! La r\u00e9plique, elle, a une hauteur de 10 m\u00e8tres et je peux vous dire que nous n\u2019avons pas os\u00e9 monter l\u2019\u00e9troite \u00e9chelle pour y acc\u00e9der.<\/p>\n\n\n\n<p>Le savez-vous? La for\u00eat bor\u00e9ale a su profiter de la destruction occasionn\u00e9e par le feu pour se r\u00e9g\u00e9n\u00e9rer. Par exemple, les fruits des pins gris sont des c\u00f4nes asym\u00e9triques recouverts de r\u00e9sine. Pour lib\u00e9rer les graines de l\u2019emprise des c\u00f4nes, ils doivent \u00eatre soumis \u00e0 une forte chaleur comme celle d\u2019un feu de for\u00eat. C\u2019est ainsi que la for\u00eat bor\u00e9ale rena\u00eet de ses cendres.<\/p>\n\n\n\n<h2 class=\"wp-block-heading\">Un peu d&rsquo;histoire<\/h2>\n\n\n\n<p>Les premiers postes de garde-feu sont apparus en Abitibi au lac Rouyn en 1924. En 1930, le Mont Dominant accueille une tour qui permet de surveiller la r\u00e9gion d\u2019Aiguebelle. En 1951, un incendie ravage le flan est de la r\u00e9serve d\u2019Aiguebelle&nbsp;: 11574 hectares de for\u00eat sont d\u00e9truits. En 1966, des vents d\u2019une rare violence d\u00e9truisent la tour situ\u00e9e sur le Mont Dominant. Elle est aussit\u00f4t reconstruite. En 1973, le dernier relev\u00e9 des tours de garde-feu est enregistr\u00e9 en Abitibi-T\u00e9miscamingue. C\u2019est la fin de l\u2019\u00e8re des garde-feu dans la r\u00e9gion. En 1975, la tour sur le Mont Dominant, pour une seconde fois, est d\u00e9truite par un feu qui a ravag\u00e9 3.2 hectares de for\u00eat. En 1992, au lac Patrice, un feu de for\u00eat est d\u00e9clench\u00e9 par la n\u00e9gligence humaine. Heureusement, l\u2019incendie est rapidement ma\u00eetris\u00e9. R\u00e9sultat&nbsp;: 0.8 hectare de for\u00eat dispara\u00eet. En 1993, le 9<sup>e<\/sup> escadron de g\u00e9nie de campagne de Rouyn-Noranda cr\u00e9e une reconstitution de la tour du Mont Dominant sur la colline la Trompeuse.<\/p>\n\n\n\n<h1 class=\"wp-block-heading\">Informations sur la randonn\u00e9e<\/h1>\n\n\n\n<p><strong>Date :<\/strong> 9 juillet 2022<\/p>\n\n\n\n<p><strong>M\u00e9t\u00e9o :<\/strong> Ensoleill\u00e9 avec passages nuageux, 21\u00b0C.<\/p>\n\n\n\n<p><strong>Distance :<\/strong> 2.8 Kilom\u00e8tres<\/p>\n\n\n\n<p><strong>Stationnement :<\/strong> Stationnement du Garde-Feu via la route 24.<\/p>\n\n\n\n<p><strong>Coordonn\u00e9e GPS du stationnement :<\/strong> N 48\u00b027.268&prime; W 078\u00b043.815&prime;<\/p>\n\n\n\n<p><strong>Lien vers la carte du sentier :<\/strong> <a href=\"\/wp-content\/uploads\/cartes\/SentiersParcNationalDAiguebelle\/aig_carte_generale.pdf\">Sentier le Garde-Feu<\/a><\/p>\n\n\n\n<p><strong>Lien vers le profil du sentier :<\/strong> <a href=\"\/wp-content\/uploads\/2023\/02\/Profil_SentierLeGarde-Feu.jpg\">Profil du sentier le Garde-Feu<\/a><\/p>\n\n\n\n<p><strong>Fichier gpx pour le GPS :<\/strong> <a href=\"\/wp-content\/uploads\/gpx\/Track_Sentier_Le_Garde-Feu.gpx\">Track_Sentier_Le_Garde-Feu.gpx<\/a><\/p>\n\n\n\n<p><strong>Parcours :<\/strong> Lin\u00e9aire<\/p>\n\n\n\n<p><strong>Temps total pour la randonn\u00e9e :<\/strong>&nbsp;1 heure 57 minutes<\/p>\n\n\n\n<p><strong>Temps de d\u00e9placement :<\/strong> 1 heure 3 minutes<\/p>\n\n\n\n<p><strong>Temps d&rsquo;arr\u00eat :<\/strong> 54 minutes<\/p>\n\n\n<div class=\"wp-block-image\">\n<figure class=\"aligncenter size-full\"><a href=\"\/wp-content\/uploads\/2023\/02\/TraceGPS_SentierLeGarde-Feu.jpg\"><img loading=\"lazy\" decoding=\"async\" width=\"1093\" height=\"870\" src=\"\/wp-content\/uploads\/2023\/02\/TraceGPS_SentierLeGarde-Feu.jpg\" alt=\"\" class=\"wp-image-7410\" srcset=\"https:\/\/mahingan.les4as.ca\/wp-content\/uploads\/2023\/02\/TraceGPS_SentierLeGarde-Feu.jpg 1093w, https:\/\/mahingan.les4as.ca\/wp-content\/uploads\/2023\/02\/TraceGPS_SentierLeGarde-Feu-300x239.jpg 300w, https:\/\/mahingan.les4as.ca\/wp-content\/uploads\/2023\/02\/TraceGPS_SentierLeGarde-Feu-1024x815.jpg 1024w, https:\/\/mahingan.les4as.ca\/wp-content\/uploads\/2023\/02\/TraceGPS_SentierLeGarde-Feu-768x611.jpg 768w, https:\/\/mahingan.les4as.ca\/wp-content\/uploads\/2023\/02\/TraceGPS_SentierLeGarde-Feu-339x270.jpg 339w\" sizes=\"auto, (max-width: 1093px) 100vw, 1093px\" \/><\/a><figcaption class=\"wp-element-caption\">Trac\u00e9 GPS de la randonn\u00e9e sur le sentier le Garde-Feu.<\/figcaption><\/figure>\n<\/div>\n\n\n<h1 class=\"wp-block-heading\">Photos de la randonn\u00e9e<\/h1>\n\n\n<div class=\"wp-block-image\">\n<figure class=\"aligncenter size-full\"><a href=\"\/wp-content\/uploads\/2023\/02\/DSCN7423.jpg\"><img loading=\"lazy\" decoding=\"async\" width=\"1200\" height=\"900\" src=\"\/wp-content\/uploads\/2023\/02\/DSCN7423.jpg\" alt=\"\" class=\"wp-image-7411\" srcset=\"https:\/\/mahingan.les4as.ca\/wp-content\/uploads\/2023\/02\/DSCN7423.jpg 1200w, https:\/\/mahingan.les4as.ca\/wp-content\/uploads\/2023\/02\/DSCN7423-300x225.jpg 300w, https:\/\/mahingan.les4as.ca\/wp-content\/uploads\/2023\/02\/DSCN7423-1024x768.jpg 1024w, https:\/\/mahingan.les4as.ca\/wp-content\/uploads\/2023\/02\/DSCN7423-768x576.jpg 768w, https:\/\/mahingan.les4as.ca\/wp-content\/uploads\/2023\/02\/DSCN7423-360x270.jpg 360w\" sizes=\"auto, (max-width: 1200px) 100vw, 1200px\" \/><\/a><figcaption class=\"wp-element-caption\">Le d\u00e9but du sentier.<br>N 48\u00b0 27.276&prime; W 078\u00b0 43.802&prime;<\/figcaption><\/figure>\n<\/div>\n\n<div class=\"wp-block-image\">\n<figure class=\"aligncenter size-full\"><a href=\"\/wp-content\/uploads\/2023\/02\/DSCN7425.jpg\"><img loading=\"lazy\" decoding=\"async\" width=\"1200\" height=\"900\" src=\"\/wp-content\/uploads\/2023\/02\/DSCN7425.jpg\" alt=\"\" class=\"wp-image-7412\" srcset=\"https:\/\/mahingan.les4as.ca\/wp-content\/uploads\/2023\/02\/DSCN7425.jpg 1200w, https:\/\/mahingan.les4as.ca\/wp-content\/uploads\/2023\/02\/DSCN7425-300x225.jpg 300w, https:\/\/mahingan.les4as.ca\/wp-content\/uploads\/2023\/02\/DSCN7425-1024x768.jpg 1024w, https:\/\/mahingan.les4as.ca\/wp-content\/uploads\/2023\/02\/DSCN7425-768x576.jpg 768w, https:\/\/mahingan.les4as.ca\/wp-content\/uploads\/2023\/02\/DSCN7425-360x270.jpg 360w\" sizes=\"auto, (max-width: 1200px) 100vw, 1200px\" \/><\/a><figcaption class=\"wp-element-caption\">Plusieurs inuksuks prot\u00e9g\u00e9s par un arbre d\u00e9racin\u00e9.<br>N 48\u00b0 27.386&prime; W 078\u00b0 43.616&prime;<\/figcaption><\/figure>\n<\/div>\n\n<div class=\"wp-block-image\">\n<figure class=\"aligncenter size-full\"><a href=\"\/wp-content\/uploads\/2023\/02\/DSCN7428.jpg\"><img loading=\"lazy\" decoding=\"async\" width=\"1200\" height=\"900\" src=\"\/wp-content\/uploads\/2023\/02\/DSCN7428.jpg\" alt=\"\" class=\"wp-image-7414\" srcset=\"https:\/\/mahingan.les4as.ca\/wp-content\/uploads\/2023\/02\/DSCN7428.jpg 1200w, https:\/\/mahingan.les4as.ca\/wp-content\/uploads\/2023\/02\/DSCN7428-300x225.jpg 300w, https:\/\/mahingan.les4as.ca\/wp-content\/uploads\/2023\/02\/DSCN7428-1024x768.jpg 1024w, https:\/\/mahingan.les4as.ca\/wp-content\/uploads\/2023\/02\/DSCN7428-768x576.jpg 768w, https:\/\/mahingan.les4as.ca\/wp-content\/uploads\/2023\/02\/DSCN7428-360x270.jpg 360w\" sizes=\"auto, (max-width: 1200px) 100vw, 1200px\" \/><\/a><figcaption class=\"wp-element-caption\">Je vous pr\u00e9sente mes amis les inuksuks.<br>N 48\u00b0 27.386&prime; W 078\u00b0 43.616&prime;<\/figcaption><\/figure>\n<\/div>\n\n<div class=\"wp-block-image\">\n<figure class=\"aligncenter size-full\"><a href=\"\/wp-content\/uploads\/2023\/02\/DSCN7431.jpg\"><img loading=\"lazy\" decoding=\"async\" width=\"900\" height=\"1200\" src=\"\/wp-content\/uploads\/2023\/02\/DSCN7431.jpg\" alt=\"\" class=\"wp-image-7417\" srcset=\"https:\/\/mahingan.les4as.ca\/wp-content\/uploads\/2023\/02\/DSCN7431.jpg 900w, https:\/\/mahingan.les4as.ca\/wp-content\/uploads\/2023\/02\/DSCN7431-225x300.jpg 225w, https:\/\/mahingan.les4as.ca\/wp-content\/uploads\/2023\/02\/DSCN7431-768x1024.jpg 768w, https:\/\/mahingan.les4as.ca\/wp-content\/uploads\/2023\/02\/DSCN7431-203x270.jpg 203w\" sizes=\"auto, (max-width: 900px) 100vw, 900px\" \/><\/a><figcaption class=\"wp-element-caption\">Cet inuksuk ressemble \u00e0 un petit kangourou.<br>N 48\u00b0 27.386&prime; W 078\u00b0 43.616&prime;<\/figcaption><\/figure>\n<\/div>\n\n<div class=\"wp-block-image\">\n<figure class=\"aligncenter size-full\"><a href=\"\/wp-content\/uploads\/2023\/02\/DSCN7430.jpg\"><img loading=\"lazy\" decoding=\"async\" width=\"1200\" height=\"900\" src=\"\/wp-content\/uploads\/2023\/02\/DSCN7430.jpg\" alt=\"\" class=\"wp-image-7416\" srcset=\"https:\/\/mahingan.les4as.ca\/wp-content\/uploads\/2023\/02\/DSCN7430.jpg 1200w, https:\/\/mahingan.les4as.ca\/wp-content\/uploads\/2023\/02\/DSCN7430-300x225.jpg 300w, https:\/\/mahingan.les4as.ca\/wp-content\/uploads\/2023\/02\/DSCN7430-1024x768.jpg 1024w, https:\/\/mahingan.les4as.ca\/wp-content\/uploads\/2023\/02\/DSCN7430-768x576.jpg 768w, https:\/\/mahingan.les4as.ca\/wp-content\/uploads\/2023\/02\/DSCN7430-360x270.jpg 360w\" sizes=\"auto, (max-width: 1200px) 100vw, 1200px\" \/><\/a><figcaption class=\"wp-element-caption\">Cet inuksuk me fait penser \u00e0 une souris.<br>N 48\u00b0 27.386&prime; W 078\u00b0 43.616&prime;<\/figcaption><\/figure>\n<\/div>\n\n<div class=\"wp-block-image\">\n<figure class=\"aligncenter size-full\"><a href=\"\/wp-content\/uploads\/2023\/02\/DSCN7429.jpg\"><img loading=\"lazy\" decoding=\"async\" width=\"1200\" height=\"900\" src=\"\/wp-content\/uploads\/2023\/02\/DSCN7429.jpg\" alt=\"\" class=\"wp-image-7415\" srcset=\"https:\/\/mahingan.les4as.ca\/wp-content\/uploads\/2023\/02\/DSCN7429.jpg 1200w, https:\/\/mahingan.les4as.ca\/wp-content\/uploads\/2023\/02\/DSCN7429-300x225.jpg 300w, https:\/\/mahingan.les4as.ca\/wp-content\/uploads\/2023\/02\/DSCN7429-1024x768.jpg 1024w, https:\/\/mahingan.les4as.ca\/wp-content\/uploads\/2023\/02\/DSCN7429-768x576.jpg 768w, https:\/\/mahingan.les4as.ca\/wp-content\/uploads\/2023\/02\/DSCN7429-360x270.jpg 360w\" sizes=\"auto, (max-width: 1200px) 100vw, 1200px\" \/><\/a><figcaption class=\"wp-element-caption\">Un inuksuk en construction.<br>N 48\u00b0 27.386&prime; W 078\u00b0 43.616&prime;<\/figcaption><\/figure>\n<\/div>\n\n<div class=\"wp-block-image\">\n<figure class=\"aligncenter size-full\"><a href=\"\/wp-content\/uploads\/2023\/02\/DSCN7426.jpg\"><img loading=\"lazy\" decoding=\"async\" width=\"1200\" height=\"900\" src=\"\/wp-content\/uploads\/2023\/02\/DSCN7426.jpg\" alt=\"\" class=\"wp-image-7413\" srcset=\"https:\/\/mahingan.les4as.ca\/wp-content\/uploads\/2023\/02\/DSCN7426.jpg 1200w, https:\/\/mahingan.les4as.ca\/wp-content\/uploads\/2023\/02\/DSCN7426-300x225.jpg 300w, https:\/\/mahingan.les4as.ca\/wp-content\/uploads\/2023\/02\/DSCN7426-1024x768.jpg 1024w, https:\/\/mahingan.les4as.ca\/wp-content\/uploads\/2023\/02\/DSCN7426-768x576.jpg 768w, https:\/\/mahingan.les4as.ca\/wp-content\/uploads\/2023\/02\/DSCN7426-360x270.jpg 360w\" sizes=\"auto, (max-width: 1200px) 100vw, 1200px\" \/><\/a><figcaption class=\"wp-element-caption\">Le sentier pr\u00e8s des inuksuks.<br>N 48\u00b0 27.386&prime; W 078\u00b0 43.616&prime;<\/figcaption><\/figure>\n<\/div>\n\n<div class=\"wp-block-image\">\n<figure class=\"aligncenter size-full\"><a href=\"\/wp-content\/uploads\/2023\/02\/DSCN7434.jpg\"><img loading=\"lazy\" decoding=\"async\" width=\"900\" height=\"1200\" src=\"\/wp-content\/uploads\/2023\/02\/DSCN7434.jpg\" alt=\"\" class=\"wp-image-7418\" srcset=\"https:\/\/mahingan.les4as.ca\/wp-content\/uploads\/2023\/02\/DSCN7434.jpg 900w, https:\/\/mahingan.les4as.ca\/wp-content\/uploads\/2023\/02\/DSCN7434-225x300.jpg 225w, https:\/\/mahingan.les4as.ca\/wp-content\/uploads\/2023\/02\/DSCN7434-768x1024.jpg 768w, https:\/\/mahingan.les4as.ca\/wp-content\/uploads\/2023\/02\/DSCN7434-203x270.jpg 203w\" sizes=\"auto, (max-width: 900px) 100vw, 900px\" \/><\/a><figcaption class=\"wp-element-caption\">La tour du Garde-Feu.<br>N 48\u00b0 27.361&prime; W 078\u00b0 43.260&prime;<\/figcaption><\/figure>\n<\/div>\n\n<div class=\"wp-block-image\">\n<figure class=\"aligncenter size-full\"><a href=\"\/wp-content\/uploads\/2023\/02\/DSCN7446.jpg\"><img loading=\"lazy\" decoding=\"async\" width=\"1200\" height=\"900\" src=\"\/wp-content\/uploads\/2023\/02\/DSCN7446.jpg\" alt=\"\" class=\"wp-image-7425\" srcset=\"https:\/\/mahingan.les4as.ca\/wp-content\/uploads\/2023\/02\/DSCN7446.jpg 1200w, https:\/\/mahingan.les4as.ca\/wp-content\/uploads\/2023\/02\/DSCN7446-300x225.jpg 300w, https:\/\/mahingan.les4as.ca\/wp-content\/uploads\/2023\/02\/DSCN7446-1024x768.jpg 1024w, https:\/\/mahingan.les4as.ca\/wp-content\/uploads\/2023\/02\/DSCN7446-768x576.jpg 768w, https:\/\/mahingan.les4as.ca\/wp-content\/uploads\/2023\/02\/DSCN7446-360x270.jpg 360w\" sizes=\"auto, (max-width: 1200px) 100vw, 1200px\" \/><\/a><figcaption class=\"wp-element-caption\">L&rsquo;escalier de la tour du Garde-Feu.<br>N 48\u00b0 27.369&prime; W 078\u00b0 43.258&prime;<\/figcaption><\/figure>\n<\/div>\n\n<div class=\"wp-block-image\">\n<figure class=\"aligncenter size-full\"><a href=\"\/wp-content\/uploads\/2023\/02\/DSCN7436.jpg\"><img loading=\"lazy\" decoding=\"async\" width=\"1200\" height=\"900\" src=\"\/wp-content\/uploads\/2023\/02\/DSCN7436.jpg\" alt=\"\" class=\"wp-image-7419\" srcset=\"https:\/\/mahingan.les4as.ca\/wp-content\/uploads\/2023\/02\/DSCN7436.jpg 1200w, https:\/\/mahingan.les4as.ca\/wp-content\/uploads\/2023\/02\/DSCN7436-300x225.jpg 300w, https:\/\/mahingan.les4as.ca\/wp-content\/uploads\/2023\/02\/DSCN7436-1024x768.jpg 1024w, https:\/\/mahingan.les4as.ca\/wp-content\/uploads\/2023\/02\/DSCN7436-768x576.jpg 768w, https:\/\/mahingan.les4as.ca\/wp-content\/uploads\/2023\/02\/DSCN7436-360x270.jpg 360w\" sizes=\"auto, (max-width: 1200px) 100vw, 1200px\" \/><\/a><figcaption class=\"wp-element-caption\">La vue sur la r\u00e9gion de la tour du Garde-Feu.<br>N 48\u00b0 27.369&prime; W 078\u00b0 43.258&prime;<\/figcaption><\/figure>\n<\/div>\n\n<div class=\"wp-block-image\">\n<figure class=\"aligncenter size-full\"><a href=\"\/wp-content\/uploads\/2023\/02\/DSCN7437-DSCN7438.jpg\"><img loading=\"lazy\" decoding=\"async\" width=\"1200\" height=\"688\" src=\"\/wp-content\/uploads\/2023\/02\/DSCN7437-DSCN7438.jpg\" alt=\"\" class=\"wp-image-7420\" srcset=\"https:\/\/mahingan.les4as.ca\/wp-content\/uploads\/2023\/02\/DSCN7437-DSCN7438.jpg 1200w, https:\/\/mahingan.les4as.ca\/wp-content\/uploads\/2023\/02\/DSCN7437-DSCN7438-300x172.jpg 300w, https:\/\/mahingan.les4as.ca\/wp-content\/uploads\/2023\/02\/DSCN7437-DSCN7438-1024x587.jpg 1024w, https:\/\/mahingan.les4as.ca\/wp-content\/uploads\/2023\/02\/DSCN7437-DSCN7438-768x440.jpg 768w, https:\/\/mahingan.les4as.ca\/wp-content\/uploads\/2023\/02\/DSCN7437-DSCN7438-471x270.jpg 471w\" sizes=\"auto, (max-width: 1200px) 100vw, 1200px\" \/><\/a><figcaption class=\"wp-element-caption\">La vue sur la r\u00e9gion de la tour du Garde-Feu.<br>N 48\u00b0 27.369&prime; W 078\u00b0 43.258&prime;<\/figcaption><\/figure>\n<\/div>\n\n<div class=\"wp-block-image\">\n<figure class=\"aligncenter size-full\"><a href=\"\/wp-content\/uploads\/2023\/02\/DSCN7439-DSCN7440.jpg\"><img loading=\"lazy\" decoding=\"async\" width=\"1200\" height=\"646\" src=\"\/wp-content\/uploads\/2023\/02\/DSCN7439-DSCN7440.jpg\" alt=\"\" class=\"wp-image-7421\" srcset=\"https:\/\/mahingan.les4as.ca\/wp-content\/uploads\/2023\/02\/DSCN7439-DSCN7440.jpg 1200w, https:\/\/mahingan.les4as.ca\/wp-content\/uploads\/2023\/02\/DSCN7439-DSCN7440-300x162.jpg 300w, https:\/\/mahingan.les4as.ca\/wp-content\/uploads\/2023\/02\/DSCN7439-DSCN7440-1024x551.jpg 1024w, https:\/\/mahingan.les4as.ca\/wp-content\/uploads\/2023\/02\/DSCN7439-DSCN7440-768x413.jpg 768w, https:\/\/mahingan.les4as.ca\/wp-content\/uploads\/2023\/02\/DSCN7439-DSCN7440-502x270.jpg 502w\" sizes=\"auto, (max-width: 1200px) 100vw, 1200px\" \/><\/a><figcaption class=\"wp-element-caption\">La vue sur la r\u00e9gion de la tour du Garde-Feu.<br>N 48\u00b0 27.369&prime; W 078\u00b0 43.258&prime;<\/figcaption><\/figure>\n<\/div>\n\n<div class=\"wp-block-image\">\n<figure class=\"aligncenter size-full\"><a href=\"\/wp-content\/uploads\/2023\/02\/DSCN7441-DSCN7442.jpg\"><img loading=\"lazy\" decoding=\"async\" width=\"1200\" height=\"636\" src=\"\/wp-content\/uploads\/2023\/02\/DSCN7441-DSCN7442.jpg\" alt=\"\" class=\"wp-image-7422\" srcset=\"https:\/\/mahingan.les4as.ca\/wp-content\/uploads\/2023\/02\/DSCN7441-DSCN7442.jpg 1200w, https:\/\/mahingan.les4as.ca\/wp-content\/uploads\/2023\/02\/DSCN7441-DSCN7442-300x159.jpg 300w, https:\/\/mahingan.les4as.ca\/wp-content\/uploads\/2023\/02\/DSCN7441-DSCN7442-1024x543.jpg 1024w, https:\/\/mahingan.les4as.ca\/wp-content\/uploads\/2023\/02\/DSCN7441-DSCN7442-768x407.jpg 768w, https:\/\/mahingan.les4as.ca\/wp-content\/uploads\/2023\/02\/DSCN7441-DSCN7442-509x270.jpg 509w\" sizes=\"auto, (max-width: 1200px) 100vw, 1200px\" \/><\/a><figcaption class=\"wp-element-caption\">La vue sur la r\u00e9gion de la tour du Garde-Feu.<br>N 48\u00b0 27.369&prime; W 078\u00b0 43.258&prime;<\/figcaption><\/figure>\n<\/div>\n\n<div class=\"wp-block-image\">\n<figure class=\"aligncenter size-full\"><a href=\"\/wp-content\/uploads\/2023\/02\/DSCN7443.jpg\"><img loading=\"lazy\" decoding=\"async\" width=\"1200\" height=\"900\" src=\"\/wp-content\/uploads\/2023\/02\/DSCN7443.jpg\" alt=\"\" class=\"wp-image-7423\" srcset=\"https:\/\/mahingan.les4as.ca\/wp-content\/uploads\/2023\/02\/DSCN7443.jpg 1200w, https:\/\/mahingan.les4as.ca\/wp-content\/uploads\/2023\/02\/DSCN7443-300x225.jpg 300w, https:\/\/mahingan.les4as.ca\/wp-content\/uploads\/2023\/02\/DSCN7443-1024x768.jpg 1024w, https:\/\/mahingan.les4as.ca\/wp-content\/uploads\/2023\/02\/DSCN7443-768x576.jpg 768w, https:\/\/mahingan.les4as.ca\/wp-content\/uploads\/2023\/02\/DSCN7443-360x270.jpg 360w\" sizes=\"auto, (max-width: 1200px) 100vw, 1200px\" \/><\/a><figcaption class=\"wp-element-caption\">La vue sur la r\u00e9gion de la tour du Garde-Feu.<br>N 48\u00b0 27.369&prime; W 078\u00b0 43.258&prime;<\/figcaption><\/figure>\n<\/div>\n\n<div class=\"wp-block-image\">\n<figure class=\"aligncenter size-full\"><a href=\"\/wp-content\/uploads\/2023\/02\/DSCN7445.jpg\"><img loading=\"lazy\" decoding=\"async\" width=\"1200\" height=\"900\" src=\"\/wp-content\/uploads\/2023\/02\/DSCN7445.jpg\" alt=\"\" class=\"wp-image-7424\" srcset=\"https:\/\/mahingan.les4as.ca\/wp-content\/uploads\/2023\/02\/DSCN7445.jpg 1200w, https:\/\/mahingan.les4as.ca\/wp-content\/uploads\/2023\/02\/DSCN7445-300x225.jpg 300w, https:\/\/mahingan.les4as.ca\/wp-content\/uploads\/2023\/02\/DSCN7445-1024x768.jpg 1024w, https:\/\/mahingan.les4as.ca\/wp-content\/uploads\/2023\/02\/DSCN7445-768x576.jpg 768w, https:\/\/mahingan.les4as.ca\/wp-content\/uploads\/2023\/02\/DSCN7445-360x270.jpg 360w\" sizes=\"auto, (max-width: 1200px) 100vw, 1200px\" \/><\/a><figcaption class=\"wp-element-caption\">La tour de communication du Mont Dominant vue de la tour du Garde-Feu.<br>N 48\u00b0 27.369&prime; W 078\u00b0 43.258&prime;<\/figcaption><\/figure>\n<\/div>\n\n\n<figure class=\"wp-block-video aligncenter\"><video height=\"270\" style=\"aspect-ratio: 480 \/ 270;\" width=\"480\" controls src=\"\/wp-content\/uploads\/2023\/02\/DSCN7447_480_FPS20_BR208.mov\"><\/video><figcaption class=\"wp-element-caption\">La vue sur la r\u00e9gion de la tour du Garde-Feu.<br>N 48\u00b0 27.369&prime; W 078\u00b0 43.258&prime;<\/figcaption><\/figure>\n\n\n<div class=\"wp-block-image\">\n<figure class=\"aligncenter size-full\"><a href=\"\/wp-content\/uploads\/2023\/02\/DSCN7451.jpg\"><img loading=\"lazy\" decoding=\"async\" width=\"1200\" height=\"900\" src=\"\/wp-content\/uploads\/2023\/02\/DSCN7451.jpg\" alt=\"\" class=\"wp-image-7427\" srcset=\"https:\/\/mahingan.les4as.ca\/wp-content\/uploads\/2023\/02\/DSCN7451.jpg 1200w, https:\/\/mahingan.les4as.ca\/wp-content\/uploads\/2023\/02\/DSCN7451-300x225.jpg 300w, https:\/\/mahingan.les4as.ca\/wp-content\/uploads\/2023\/02\/DSCN7451-1024x768.jpg 1024w, https:\/\/mahingan.les4as.ca\/wp-content\/uploads\/2023\/02\/DSCN7451-768x576.jpg 768w, https:\/\/mahingan.les4as.ca\/wp-content\/uploads\/2023\/02\/DSCN7451-360x270.jpg 360w\" sizes=\"auto, (max-width: 1200px) 100vw, 1200px\" \/><\/a><figcaption class=\"wp-element-caption\">Je vous pr\u00e9sente le Garde-Feu!<br>N 48\u00b0 27.369&prime; W 078\u00b0 43.258&prime;<\/figcaption><\/figure>\n<\/div>","protected":false},"excerpt":{"rendered":"<p>R\u00e9sum\u00e9 de la randonn\u00e9e Aujourd\u2019hui, nous allons visiter la tour du garde-feu situ\u00e9e sur la colline la Trompeuse. Pour atteindre le stationnement, du terrain de camping, empruntez la route 27 nord pour ensuite prendre la route 2 est jusqu\u2019\u00e0 la route 24 nord. Le stationnement est sur votre droite. Des le d\u00e9but du sentier, l\u2019ascension est graduelle et soutenue jusqu\u2019au sommet. \u00c0 mi-chemin, sur le bord du sentier, un arbre est couch\u00e9 et expose ses racines. En utilisant plusieurs roches&#8230;<\/p>\n<p class=\"read-more\"><a class=\"btn btn-default\" href=\"https:\/\/mahingan.les4as.ca\/?p=7407\">Lire la suite<span class=\"screen-reader-text\"> Lire la suite<\/span><\/a><\/p>\n","protected":false},"author":1,"featured_media":7433,"comment_status":"open","ping_status":"open","sticky":false,"template":"","format":"standard","meta":{"footnotes":""},"categories":[40,41,3,35],"tags":[16],"class_list":["post-7407","post","type-post","status-publish","format-standard","has-post-thumbnail","hentry","category-abitibi-temiscamingue","category-parc-national-daiguebelle","category-randonnees","category-regions-administratives-du-quebec","tag-randonnee"],"_links":{"self":[{"href":"https:\/\/mahingan.les4as.ca\/index.php?rest_route=\/wp\/v2\/posts\/7407","targetHints":{"allow":["GET"]}}],"collection":[{"href":"https:\/\/mahingan.les4as.ca\/index.php?rest_route=\/wp\/v2\/posts"}],"about":[{"href":"https:\/\/mahingan.les4as.ca\/index.php?rest_route=\/wp\/v2\/types\/post"}],"author":[{"embeddable":true,"href":"https:\/\/mahingan.les4as.ca\/index.php?rest_route=\/wp\/v2\/users\/1"}],"replies":[{"embeddable":true,"href":"https:\/\/mahingan.les4as.ca\/index.php?rest_route=%2Fwp%2Fv2%2Fcomments&post=7407"}],"version-history":[{"count":8,"href":"https:\/\/mahingan.les4as.ca\/index.php?rest_route=\/wp\/v2\/posts\/7407\/revisions"}],"predecessor-version":[{"id":7490,"href":"https:\/\/mahingan.les4as.ca\/index.php?rest_route=\/wp\/v2\/posts\/7407\/revisions\/7490"}],"wp:featuredmedia":[{"embeddable":true,"href":"https:\/\/mahingan.les4as.ca\/index.php?rest_route=\/wp\/v2\/media\/7433"}],"wp:attachment":[{"href":"https:\/\/mahingan.les4as.ca\/index.php?rest_route=%2Fwp%2Fv2%2Fmedia&parent=7407"}],"wp:term":[{"taxonomy":"category","embeddable":true,"href":"https:\/\/mahingan.les4as.ca\/index.php?rest_route=%2Fwp%2Fv2%2Fcategories&post=7407"},{"taxonomy":"post_tag","embeddable":true,"href":"https:\/\/mahingan.les4as.ca\/index.php?rest_route=%2Fwp%2Fv2%2Ftags&post=7407"}],"curies":[{"name":"wp","href":"https:\/\/api.w.org\/{rel}","templated":true}]}}