{"id":7365,"date":"2023-03-10T19:31:16","date_gmt":"2023-03-11T00:31:16","guid":{"rendered":"https:\/\/mahingan.les4as.ca\/?p=7365"},"modified":"2023-03-19T13:49:51","modified_gmt":"2023-03-19T17:49:51","slug":"sentier-laventurier","status":"publish","type":"post","link":"https:\/\/mahingan.les4as.ca\/?p=7365","title":{"rendered":"Sentier l&rsquo;Aventurier"},"content":{"rendered":"\n<h1 class=\"wp-block-heading\">R\u00e9sum\u00e9 de la randonn\u00e9e<\/h1>\n\n\n\n<p>Le mot Abitibi provient de la langue algonquine et il signifie \u00ab l\u00e0 o\u00f9 les eaux se s\u00e9parent \u00bb. Aujourd\u2019hui, notre objectif est de r\u00e9ussir \u00e0 atteindre la ligne de partage des eaux. C\u2019est une limite g\u00e9ographique qui divise un territoire en plusieurs bassins versants. Les eaux qui s\u2019\u00e9coulent vers le nord se rendront \u00e0 la baie d\u2019Hudson et celles qui iront en direction sud finiront par atteindre le fleuve Saint-Laurent. Dans le parc national d\u2019Aiguebelle, il est possible de franchir cette ligne virtuelle puisqu\u2019elle traverse le sentier qui relie le sentier l\u2019Aventurier et le sentier les Versants.<\/p>\n\n\n\n<p>Pour d\u00e9buter cette randonn\u00e9e, nous devons prendre la voiture pour nous rendre au stationnement du lac la Haie. Ainsi, de notre emplacement de camping, nous prenons la route 27 en direction nord puis la route 2 en direction ouest pour bifurquer sur la route 26. J\u2019anticipe une randonn\u00e9e difficile, car la temp\u00e9rature sera chaude avec un humidex \u00e9lev\u00e9. De plus, j\u2019\u00e9tais loin d\u2019imaginer que le d\u00e9nivel\u00e9 total serait \u00e9lev\u00e9&nbsp;: 600 m\u00e8tres en mont\u00e9e et autant en descente.<\/p>\n\n\n\n<p>Pour atteindre le d\u00e9but du sentier l\u2019Aventurier, nous devons emprunter le sentier la Traverse jusqu\u2019\u00e0 la passerelle suspendue. Eh oui! Je dois encore me balancer dans les airs au-dessus du lac la Haie! Je ne suis pas au bout de mes peines puisqu\u2019au retour, lorsque je serai de nouveau sur cette passerelle, je devrai occuper mon esprit pour le convaincre que j\u2019ai les deux pieds sur terre et non dans les airs! Heureusement que les vues sur les falaises et sur le lac la Haie de la passerelle suspendue sont magnifiques.<\/p>\n\n\n\n<p>Nous progressons sur le c\u00f4t\u00e9 ouest du lac la Haie et nous devons \u00eatre concentr\u00e9s, vigilants et prudents \u00e0 tout moment puisque nous nous d\u00e9pla\u00e7ons sur le bord de la falaise. \u00c0 l\u2019extr\u00e9mit\u00e9 nord du lac la Haie, nous passons tout pr\u00e8s du refuge la Gu\u00eape. Nous ne pouvons pas nous y arr\u00eater puisqu\u2019il est occup\u00e9. Nous quittons le sentier l\u2019Aventurier pour nous diriger vers le lac Sault (<a href=\"\/?p=7440\">sentier les Versants<\/a>). En nous rapprochant de la ligne de partage des eaux, nous trouvons une petite clairi\u00e8re avec deux bancs, une table de pique-nique et un endroit pour faire un feu. Nous nous y arr\u00eatons pour prendre notre d\u00eener. Nous avons chaud, nous sommes fatigu\u00e9s et nous prenons la d\u00e9cision de ne pas continuer, car nous pensons que le retour par le c\u00f4t\u00e9 est du lac la Haie sera tout aussi difficile que notre progression par le c\u00f4t\u00e9 ouest. C\u2019\u00e9tait une sage d\u00e9cision.<\/p>\n\n\n\n<p>Lorsque nous croisons la rivi\u00e8re des Ours, nous arr\u00eatons pour prendre une collation et pour nous reposer un peu. Jos\u00e9e s\u2019installe sur le bord du quai, enl\u00e8ve ses bottes de marche et fait trempette pendant que moi, je me pr\u00e9lasse au soleil \u00e9tendu sur un banc d\u2019une table de pique-nique. Tout \u00e0 coup, j\u2019entends Jos\u00e9e crier. Il y a une couleuvre qui appara\u00eet sur le quai et l\u2019observe. Discr\u00e8tement, je souris de la situation. Nous avons chacun nos faiblesses. Jos\u00e9e, c\u2019est les couleuvres et moi, les hauteurs!<\/p>\n\n\n\n<p>Apr\u00e8s toutes ces \u00e9motions, nous reprenons notre marche pour revenir au stationnement. Nous sommes fatigu\u00e9s mais, gr\u00e2ce \u00e0 notre \u00e2ge, nous avons acquis assez de sagesse et d\u2019exp\u00e9rience pour d\u00e9terminer le moment ou nous sommes mieux de rebrousser le chemin que de s\u2019ent\u00eater \u00e0 poursuivre pour atteindre un objectif. Il nous reste le <a href=\"\/?p=7440\">sentier les Versants<\/a> \u00e0 explorer dans lequel nous pourrons peut-\u00eatre atteindre la ligne de partage des eaux. Ce sera notre prochaine aventure.<\/p>\n\n\n\n<h1 class=\"wp-block-heading\">Informations sur la randonn\u00e9e<\/h1>\n\n\n\n<p><strong>Date :<\/strong> 10 juillet 2022<\/p>\n\n\n\n<p><strong>M\u00e9t\u00e9o :<\/strong> Ensoleill\u00e9, 24\u00b0C. Facteur humidex, 27\u00b0C.<\/p>\n\n\n\n<p><strong>Distance :<\/strong> 13.0 Kilom\u00e8tres<\/p>\n\n\n\n<p><strong>Stationnement :<\/strong> Stationnement du lac la Haie via la route 26.<\/p>\n\n\n\n<p><strong>Coordonn\u00e9e GPS du stationnement :<\/strong> N 48\u00b027.148&prime; W 078\u00b042.054&prime;<\/p>\n\n\n\n<p><strong>Lien vers la carte du sentier :<\/strong> <a href=\"\/wp-content\/uploads\/cartes\/SentiersParcNationalDAiguebelle\/aig_carte_generale.pdf\">Sentier l&rsquo;Aventurier<\/a><\/p>\n\n\n\n<p><strong>Lien vers le profil du sentier :<\/strong> <a href=\"\/wp-content\/uploads\/2023\/02\/Profil_SentierLAventurier.jpg\">Profil du sentier l&rsquo;Aventurier<\/a><\/p>\n\n\n\n<p><strong>Fichier gpx pour le GPS :<\/strong> <a href=\"\/wp-content\/uploads\/gpx\/Track_Sentier_L_Aventurier.gpx\">Track_Sentier_L_Aventurier.gpx<\/a><\/p>\n\n\n\n<p><strong>Parcours :<\/strong> Boucle<\/p>\n\n\n\n<p><strong>Temps total pour la randonn\u00e9e :<\/strong>&nbsp;7 heures<\/p>\n\n\n\n<p><strong>Temps de d\u00e9placement :<\/strong> 4 heures 27 minutes<\/p>\n\n\n\n<p><strong>Temps d&rsquo;arr\u00eat :<\/strong> 2 heures 33 minutes<\/p>\n\n\n<div class=\"wp-block-image\">\n<figure class=\"aligncenter size-full\"><a href=\"\/wp-content\/uploads\/2023\/02\/TraceGPS_SentierLAventurier.jpg\"><img loading=\"lazy\" decoding=\"async\" width=\"1088\" height=\"1667\" src=\"\/wp-content\/uploads\/2023\/02\/TraceGPS_SentierLAventurier.jpg\" alt=\"\" class=\"wp-image-7438\" srcset=\"https:\/\/mahingan.les4as.ca\/wp-content\/uploads\/2023\/02\/TraceGPS_SentierLAventurier.jpg 1088w, https:\/\/mahingan.les4as.ca\/wp-content\/uploads\/2023\/02\/TraceGPS_SentierLAventurier-196x300.jpg 196w, https:\/\/mahingan.les4as.ca\/wp-content\/uploads\/2023\/02\/TraceGPS_SentierLAventurier-668x1024.jpg 668w, https:\/\/mahingan.les4as.ca\/wp-content\/uploads\/2023\/02\/TraceGPS_SentierLAventurier-768x1177.jpg 768w, https:\/\/mahingan.les4as.ca\/wp-content\/uploads\/2023\/02\/TraceGPS_SentierLAventurier-1003x1536.jpg 1003w, https:\/\/mahingan.les4as.ca\/wp-content\/uploads\/2023\/02\/TraceGPS_SentierLAventurier-176x270.jpg 176w\" sizes=\"auto, (max-width: 1088px) 100vw, 1088px\" \/><\/a><figcaption class=\"wp-element-caption\">Trac\u00e9 GPS de la randonn\u00e9e sur le sentier l&rsquo;Aventurier.<\/figcaption><\/figure>\n<\/div>\n\n\n<h1 class=\"wp-block-heading\">Photos de la randonn\u00e9e<\/h1>\n\n\n<div class=\"wp-block-image\">\n<figure class=\"aligncenter size-full\"><a href=\"\/wp-content\/uploads\/2023\/02\/DSCN7452.jpg\"><img loading=\"lazy\" decoding=\"async\" width=\"1200\" height=\"900\" src=\"\/wp-content\/uploads\/2023\/02\/DSCN7452.jpg\" alt=\"\" class=\"wp-image-7445\" srcset=\"https:\/\/mahingan.les4as.ca\/wp-content\/uploads\/2023\/02\/DSCN7452.jpg 1200w, https:\/\/mahingan.les4as.ca\/wp-content\/uploads\/2023\/02\/DSCN7452-300x225.jpg 300w, https:\/\/mahingan.les4as.ca\/wp-content\/uploads\/2023\/02\/DSCN7452-1024x768.jpg 1024w, https:\/\/mahingan.les4as.ca\/wp-content\/uploads\/2023\/02\/DSCN7452-768x576.jpg 768w, https:\/\/mahingan.les4as.ca\/wp-content\/uploads\/2023\/02\/DSCN7452-360x270.jpg 360w\" sizes=\"auto, (max-width: 1200px) 100vw, 1200px\" \/><\/a><figcaption class=\"wp-element-caption\">Le d\u00e9but du sentier.<br>N 48\u00b0 27.167&prime; W 078\u00b0 42.082&prime;<\/figcaption><\/figure>\n<\/div>\n\n<div class=\"wp-block-image\">\n<figure class=\"aligncenter size-full\"><a href=\"\/wp-content\/uploads\/2023\/02\/DSCN7454.jpg\"><img loading=\"lazy\" decoding=\"async\" width=\"1200\" height=\"900\" src=\"\/wp-content\/uploads\/2023\/02\/DSCN7454.jpg\" alt=\"\" class=\"wp-image-7446\" srcset=\"https:\/\/mahingan.les4as.ca\/wp-content\/uploads\/2023\/02\/DSCN7454.jpg 1200w, https:\/\/mahingan.les4as.ca\/wp-content\/uploads\/2023\/02\/DSCN7454-300x225.jpg 300w, https:\/\/mahingan.les4as.ca\/wp-content\/uploads\/2023\/02\/DSCN7454-1024x768.jpg 1024w, https:\/\/mahingan.les4as.ca\/wp-content\/uploads\/2023\/02\/DSCN7454-768x576.jpg 768w, https:\/\/mahingan.les4as.ca\/wp-content\/uploads\/2023\/02\/DSCN7454-360x270.jpg 360w\" sizes=\"auto, (max-width: 1200px) 100vw, 1200px\" \/><\/a><figcaption class=\"wp-element-caption\">La passerelle suspendue.<br>N 48\u00b0 27.817&prime; W 078\u00b0 42.098&prime;<\/figcaption><\/figure>\n<\/div>\n\n\n<figure class=\"wp-block-gallery aligncenter has-nested-images columns-default is-cropped wp-block-gallery-1 is-layout-flex wp-block-gallery-is-layout-flex\">\n<figure class=\"wp-block-image size-full\"><a href=\"\/wp-content\/uploads\/2023\/02\/DSCN7455.jpg\"><img loading=\"lazy\" decoding=\"async\" width=\"1200\" height=\"900\" data-id=\"7447\" src=\"\/wp-content\/uploads\/2023\/02\/DSCN7455.jpg\" alt=\"\" class=\"wp-image-7447\" srcset=\"https:\/\/mahingan.les4as.ca\/wp-content\/uploads\/2023\/02\/DSCN7455.jpg 1200w, https:\/\/mahingan.les4as.ca\/wp-content\/uploads\/2023\/02\/DSCN7455-300x225.jpg 300w, https:\/\/mahingan.les4as.ca\/wp-content\/uploads\/2023\/02\/DSCN7455-1024x768.jpg 1024w, https:\/\/mahingan.les4as.ca\/wp-content\/uploads\/2023\/02\/DSCN7455-768x576.jpg 768w, https:\/\/mahingan.les4as.ca\/wp-content\/uploads\/2023\/02\/DSCN7455-360x270.jpg 360w\" sizes=\"auto, (max-width: 1200px) 100vw, 1200px\" \/><\/a><\/figure>\n\n\n\n<figure class=\"wp-block-image size-full\"><a href=\"\/wp-content\/uploads\/2023\/02\/DSCN7458.jpg\"><img loading=\"lazy\" decoding=\"async\" width=\"1200\" height=\"900\" data-id=\"7448\" src=\"\/wp-content\/uploads\/2023\/02\/DSCN7458.jpg\" alt=\"\" class=\"wp-image-7448\" srcset=\"https:\/\/mahingan.les4as.ca\/wp-content\/uploads\/2023\/02\/DSCN7458.jpg 1200w, https:\/\/mahingan.les4as.ca\/wp-content\/uploads\/2023\/02\/DSCN7458-300x225.jpg 300w, https:\/\/mahingan.les4as.ca\/wp-content\/uploads\/2023\/02\/DSCN7458-1024x768.jpg 1024w, https:\/\/mahingan.les4as.ca\/wp-content\/uploads\/2023\/02\/DSCN7458-768x576.jpg 768w, https:\/\/mahingan.les4as.ca\/wp-content\/uploads\/2023\/02\/DSCN7458-360x270.jpg 360w\" sizes=\"auto, (max-width: 1200px) 100vw, 1200px\" \/><\/a><\/figure>\n<figcaption class=\"blocks-gallery-caption wp-element-caption\">La vue du lac la Haie depuis la passerelle suspendue.<br>N 48\u00b0 27.817&prime; W 078\u00b0 42.098&prime;<\/figcaption><\/figure>\n\n\n<div class=\"wp-block-image\">\n<figure class=\"aligncenter size-full\"><a href=\"\/wp-content\/uploads\/2023\/02\/DSCN7459-DSCN7460.jpg\"><img loading=\"lazy\" decoding=\"async\" width=\"1200\" height=\"573\" src=\"\/wp-content\/uploads\/2023\/02\/DSCN7459-DSCN7460.jpg\" alt=\"\" class=\"wp-image-7472\" srcset=\"https:\/\/mahingan.les4as.ca\/wp-content\/uploads\/2023\/02\/DSCN7459-DSCN7460.jpg 1200w, https:\/\/mahingan.les4as.ca\/wp-content\/uploads\/2023\/02\/DSCN7459-DSCN7460-300x143.jpg 300w, https:\/\/mahingan.les4as.ca\/wp-content\/uploads\/2023\/02\/DSCN7459-DSCN7460-1024x489.jpg 1024w, https:\/\/mahingan.les4as.ca\/wp-content\/uploads\/2023\/02\/DSCN7459-DSCN7460-768x367.jpg 768w, https:\/\/mahingan.les4as.ca\/wp-content\/uploads\/2023\/02\/DSCN7459-DSCN7460-565x270.jpg 565w\" sizes=\"auto, (max-width: 1200px) 100vw, 1200px\" \/><\/a><figcaption class=\"wp-element-caption\">Le lac la Haie.<br>N 48\u00b0 27.992&prime; W 078\u00b0 42.148&prime;<\/figcaption><\/figure>\n<\/div>\n\n<div class=\"wp-block-image\">\n<figure class=\"aligncenter size-full\"><a href=\"\/wp-content\/uploads\/2023\/02\/DSCN7462-DSCN7461.jpg\"><img loading=\"lazy\" decoding=\"async\" width=\"1200\" height=\"553\" src=\"\/wp-content\/uploads\/2023\/02\/DSCN7462-DSCN7461.jpg\" alt=\"\" class=\"wp-image-7475\" srcset=\"https:\/\/mahingan.les4as.ca\/wp-content\/uploads\/2023\/02\/DSCN7462-DSCN7461.jpg 1200w, https:\/\/mahingan.les4as.ca\/wp-content\/uploads\/2023\/02\/DSCN7462-DSCN7461-300x138.jpg 300w, https:\/\/mahingan.les4as.ca\/wp-content\/uploads\/2023\/02\/DSCN7462-DSCN7461-1024x472.jpg 1024w, https:\/\/mahingan.les4as.ca\/wp-content\/uploads\/2023\/02\/DSCN7462-DSCN7461-768x354.jpg 768w, https:\/\/mahingan.les4as.ca\/wp-content\/uploads\/2023\/02\/DSCN7462-DSCN7461-586x270.jpg 586w\" sizes=\"auto, (max-width: 1200px) 100vw, 1200px\" \/><\/a><figcaption class=\"wp-element-caption\">Le lac la Haie.<br>N 48\u00b0 27.992&prime; W 078\u00b0 42.148&prime;<\/figcaption><\/figure>\n<\/div>\n\n\n<figure class=\"wp-block-video aligncenter\"><video height=\"270\" style=\"aspect-ratio: 480 \/ 270;\" width=\"480\" controls src=\"\/wp-content\/uploads\/2023\/02\/DSCN7463_480_FPS20_BR9960.mov\"><\/video><figcaption class=\"wp-element-caption\">Le lac la Haie.<br>N 48\u00b0 27.992&prime; W 078\u00b0 42.148&prime;<\/figcaption><\/figure>\n\n\n<div class=\"wp-block-image\">\n<figure class=\"aligncenter size-full\"><a href=\"\/wp-content\/uploads\/2023\/02\/DSCN7464.jpg\"><img loading=\"lazy\" decoding=\"async\" width=\"1200\" height=\"900\" src=\"\/wp-content\/uploads\/2023\/02\/DSCN7464.jpg\" alt=\"\" class=\"wp-image-7454\" srcset=\"https:\/\/mahingan.les4as.ca\/wp-content\/uploads\/2023\/02\/DSCN7464.jpg 1200w, https:\/\/mahingan.les4as.ca\/wp-content\/uploads\/2023\/02\/DSCN7464-300x225.jpg 300w, https:\/\/mahingan.les4as.ca\/wp-content\/uploads\/2023\/02\/DSCN7464-1024x768.jpg 1024w, https:\/\/mahingan.les4as.ca\/wp-content\/uploads\/2023\/02\/DSCN7464-768x576.jpg 768w, https:\/\/mahingan.les4as.ca\/wp-content\/uploads\/2023\/02\/DSCN7464-360x270.jpg 360w\" sizes=\"auto, (max-width: 1200px) 100vw, 1200px\" \/><\/a><figcaption class=\"wp-element-caption\">Le lac la Haie.<br>N 48\u00b0 28.238&prime; W 078\u00b0 42.170&prime;<\/figcaption><\/figure>\n<\/div>\n\n\n<figure class=\"wp-block-gallery aligncenter has-nested-images columns-default is-cropped wp-block-gallery-2 is-layout-flex wp-block-gallery-is-layout-flex\">\n<figure class=\"wp-block-image size-full\"><a href=\"\/wp-content\/uploads\/2023\/02\/DSCN7466.jpg\"><img loading=\"lazy\" decoding=\"async\" width=\"1200\" height=\"900\" data-id=\"7456\" src=\"\/wp-content\/uploads\/2023\/02\/DSCN7466.jpg\" alt=\"\" class=\"wp-image-7456\" srcset=\"https:\/\/mahingan.les4as.ca\/wp-content\/uploads\/2023\/02\/DSCN7466.jpg 1200w, https:\/\/mahingan.les4as.ca\/wp-content\/uploads\/2023\/02\/DSCN7466-300x225.jpg 300w, https:\/\/mahingan.les4as.ca\/wp-content\/uploads\/2023\/02\/DSCN7466-1024x768.jpg 1024w, https:\/\/mahingan.les4as.ca\/wp-content\/uploads\/2023\/02\/DSCN7466-768x576.jpg 768w, https:\/\/mahingan.les4as.ca\/wp-content\/uploads\/2023\/02\/DSCN7466-360x270.jpg 360w\" sizes=\"auto, (max-width: 1200px) 100vw, 1200px\" \/><\/a><\/figure>\n\n\n\n<figure class=\"wp-block-image size-full\"><a href=\"\/wp-content\/uploads\/2023\/02\/DSCN7465.jpg\"><img loading=\"lazy\" decoding=\"async\" width=\"1200\" height=\"900\" data-id=\"7455\" src=\"\/wp-content\/uploads\/2023\/02\/DSCN7465.jpg\" alt=\"\" class=\"wp-image-7455\" srcset=\"https:\/\/mahingan.les4as.ca\/wp-content\/uploads\/2023\/02\/DSCN7465.jpg 1200w, https:\/\/mahingan.les4as.ca\/wp-content\/uploads\/2023\/02\/DSCN7465-300x225.jpg 300w, https:\/\/mahingan.les4as.ca\/wp-content\/uploads\/2023\/02\/DSCN7465-1024x768.jpg 1024w, https:\/\/mahingan.les4as.ca\/wp-content\/uploads\/2023\/02\/DSCN7465-768x576.jpg 768w, https:\/\/mahingan.les4as.ca\/wp-content\/uploads\/2023\/02\/DSCN7465-360x270.jpg 360w\" sizes=\"auto, (max-width: 1200px) 100vw, 1200px\" \/><\/a><\/figure>\n<figcaption class=\"blocks-gallery-caption wp-element-caption\">Le sentier qui longe le lac la Haie tout pr\u00e8s de la falaise.<br>N 48\u00b0 28.238&prime; W 078\u00b0 42.170&prime;<\/figcaption><\/figure>\n\n\n<div class=\"wp-block-image\">\n<figure class=\"aligncenter size-full\"><a href=\"\/wp-content\/uploads\/2023\/02\/DSCN7470.jpg\"><img loading=\"lazy\" decoding=\"async\" width=\"1200\" height=\"900\" src=\"\/wp-content\/uploads\/2023\/02\/DSCN7470.jpg\" alt=\"\" class=\"wp-image-7457\" srcset=\"https:\/\/mahingan.les4as.ca\/wp-content\/uploads\/2023\/02\/DSCN7470.jpg 1200w, https:\/\/mahingan.les4as.ca\/wp-content\/uploads\/2023\/02\/DSCN7470-300x225.jpg 300w, https:\/\/mahingan.les4as.ca\/wp-content\/uploads\/2023\/02\/DSCN7470-1024x768.jpg 1024w, https:\/\/mahingan.les4as.ca\/wp-content\/uploads\/2023\/02\/DSCN7470-768x576.jpg 768w, https:\/\/mahingan.les4as.ca\/wp-content\/uploads\/2023\/02\/DSCN7470-360x270.jpg 360w\" sizes=\"auto, (max-width: 1200px) 100vw, 1200px\" \/><\/a><figcaption class=\"wp-element-caption\">Deux belles campanules sur le bord de la falaise du lac la Haie.<\/figcaption><\/figure>\n<\/div>\n\n<div class=\"wp-block-image\">\n<figure class=\"aligncenter size-full\"><a href=\"\/wp-content\/uploads\/2023\/02\/DSCN7475.jpg\"><img loading=\"lazy\" decoding=\"async\" width=\"1200\" height=\"900\" src=\"\/wp-content\/uploads\/2023\/02\/DSCN7475.jpg\" alt=\"\" class=\"wp-image-7458\" srcset=\"https:\/\/mahingan.les4as.ca\/wp-content\/uploads\/2023\/02\/DSCN7475.jpg 1200w, https:\/\/mahingan.les4as.ca\/wp-content\/uploads\/2023\/02\/DSCN7475-300x225.jpg 300w, https:\/\/mahingan.les4as.ca\/wp-content\/uploads\/2023\/02\/DSCN7475-1024x768.jpg 1024w, https:\/\/mahingan.les4as.ca\/wp-content\/uploads\/2023\/02\/DSCN7475-768x576.jpg 768w, https:\/\/mahingan.les4as.ca\/wp-content\/uploads\/2023\/02\/DSCN7475-360x270.jpg 360w\" sizes=\"auto, (max-width: 1200px) 100vw, 1200px\" \/><\/a><figcaption class=\"wp-element-caption\">\u00ab Je suis bien install\u00e9e pour prendre mon repas \u00bb, dit Jos\u00e9e.<br>N 48\u00b0 29.278&prime; W 078\u00b0 41.749&prime;<\/figcaption><\/figure>\n<\/div>\n\n<div class=\"wp-block-image\">\n<figure class=\"aligncenter size-full\"><a href=\"\/wp-content\/uploads\/2023\/02\/DSCN7476.jpg\"><img loading=\"lazy\" decoding=\"async\" width=\"1200\" height=\"900\" src=\"\/wp-content\/uploads\/2023\/02\/DSCN7476.jpg\" alt=\"\" class=\"wp-image-7459\" srcset=\"https:\/\/mahingan.les4as.ca\/wp-content\/uploads\/2023\/02\/DSCN7476.jpg 1200w, https:\/\/mahingan.les4as.ca\/wp-content\/uploads\/2023\/02\/DSCN7476-300x225.jpg 300w, https:\/\/mahingan.les4as.ca\/wp-content\/uploads\/2023\/02\/DSCN7476-1024x768.jpg 1024w, https:\/\/mahingan.les4as.ca\/wp-content\/uploads\/2023\/02\/DSCN7476-768x576.jpg 768w, https:\/\/mahingan.les4as.ca\/wp-content\/uploads\/2023\/02\/DSCN7476-360x270.jpg 360w\" sizes=\"auto, (max-width: 1200px) 100vw, 1200px\" \/><\/a><figcaption class=\"wp-element-caption\">Nous sommes au sommet de la falaise qui surplombe la partie nord du lac la Haie.<br>N 48\u00b0 29.053&prime; W 078\u00b0 41.754&prime;<\/figcaption><\/figure>\n<\/div>\n\n\n<figure class=\"wp-block-video aligncenter\"><video height=\"270\" style=\"aspect-ratio: 480 \/ 270;\" width=\"480\" controls src=\"\/wp-content\/uploads\/2023\/02\/DSCN7477_480_FPS20_BR1152.mov\"><\/video><figcaption class=\"wp-element-caption\">Nous sommes vraiment pr\u00e8s de la falaise \u00e0 l&rsquo;extr\u00e9mit\u00e9 nord du lac la Haie.<br>N 48\u00b0 29.053&prime; W 078\u00b0 41.754&prime;<\/figcaption><\/figure>\n\n\n<div class=\"wp-block-image\">\n<figure class=\"aligncenter size-full\"><a href=\"\/wp-content\/uploads\/2023\/02\/DSCN7478.jpg\"><img loading=\"lazy\" decoding=\"async\" width=\"1200\" height=\"900\" src=\"\/wp-content\/uploads\/2023\/02\/DSCN7478.jpg\" alt=\"\" class=\"wp-image-7461\" srcset=\"https:\/\/mahingan.les4as.ca\/wp-content\/uploads\/2023\/02\/DSCN7478.jpg 1200w, https:\/\/mahingan.les4as.ca\/wp-content\/uploads\/2023\/02\/DSCN7478-300x225.jpg 300w, https:\/\/mahingan.les4as.ca\/wp-content\/uploads\/2023\/02\/DSCN7478-1024x768.jpg 1024w, https:\/\/mahingan.les4as.ca\/wp-content\/uploads\/2023\/02\/DSCN7478-768x576.jpg 768w, https:\/\/mahingan.les4as.ca\/wp-content\/uploads\/2023\/02\/DSCN7478-360x270.jpg 360w\" sizes=\"auto, (max-width: 1200px) 100vw, 1200px\" \/><\/a><figcaption class=\"wp-element-caption\">La vue du lac la Haie direction sud.<br>N 48\u00b0 29.006&prime; W 078\u00b0 41.810&prime;<\/figcaption><\/figure>\n<\/div>\n\n<div class=\"wp-block-image\">\n<figure class=\"aligncenter size-full\"><a href=\"\/wp-content\/uploads\/2023\/02\/DSCN7481.jpg\"><img loading=\"lazy\" decoding=\"async\" width=\"1200\" height=\"900\" src=\"\/wp-content\/uploads\/2023\/02\/DSCN7481.jpg\" alt=\"\" class=\"wp-image-7463\" srcset=\"https:\/\/mahingan.les4as.ca\/wp-content\/uploads\/2023\/02\/DSCN7481.jpg 1200w, https:\/\/mahingan.les4as.ca\/wp-content\/uploads\/2023\/02\/DSCN7481-300x225.jpg 300w, https:\/\/mahingan.les4as.ca\/wp-content\/uploads\/2023\/02\/DSCN7481-1024x768.jpg 1024w, https:\/\/mahingan.les4as.ca\/wp-content\/uploads\/2023\/02\/DSCN7481-768x576.jpg 768w, https:\/\/mahingan.les4as.ca\/wp-content\/uploads\/2023\/02\/DSCN7481-360x270.jpg 360w\" sizes=\"auto, (max-width: 1200px) 100vw, 1200px\" \/><\/a><figcaption class=\"wp-element-caption\">Le ruisseau des Ours se d\u00e9verse dans le lac la Haie.<br>N 48\u00b0 28.850&prime; W 078\u00b0 41.808&prime;<\/figcaption><\/figure>\n<\/div>\n\n<div class=\"wp-block-image\">\n<figure class=\"aligncenter size-full\"><a href=\"\/wp-content\/uploads\/2023\/02\/DSCN7480.jpg\"><img loading=\"lazy\" decoding=\"async\" width=\"1200\" height=\"900\" src=\"\/wp-content\/uploads\/2023\/02\/DSCN7480.jpg\" alt=\"\" class=\"wp-image-7462\" srcset=\"https:\/\/mahingan.les4as.ca\/wp-content\/uploads\/2023\/02\/DSCN7480.jpg 1200w, https:\/\/mahingan.les4as.ca\/wp-content\/uploads\/2023\/02\/DSCN7480-300x225.jpg 300w, https:\/\/mahingan.les4as.ca\/wp-content\/uploads\/2023\/02\/DSCN7480-1024x768.jpg 1024w, https:\/\/mahingan.les4as.ca\/wp-content\/uploads\/2023\/02\/DSCN7480-768x576.jpg 768w, https:\/\/mahingan.les4as.ca\/wp-content\/uploads\/2023\/02\/DSCN7480-360x270.jpg 360w\" sizes=\"auto, (max-width: 1200px) 100vw, 1200px\" \/><\/a><figcaption class=\"wp-element-caption\">Le ruisseau des Ours se d\u00e9verse dans le lac la Haie.<br>N 48\u00b0 28.850&prime; W 078\u00b0 41.808&prime;<\/figcaption><\/figure>\n<\/div>\n\n\n<figure class=\"wp-block-gallery aligncenter has-nested-images columns-default is-cropped wp-block-gallery-3 is-layout-flex wp-block-gallery-is-layout-flex\">\n<figure class=\"wp-block-image size-full\"><a href=\"\/wp-content\/uploads\/2023\/02\/DSCN7484.jpg\"><img loading=\"lazy\" decoding=\"async\" width=\"1200\" height=\"900\" data-id=\"7464\" src=\"\/wp-content\/uploads\/2023\/02\/DSCN7484.jpg\" alt=\"\" class=\"wp-image-7464\" srcset=\"https:\/\/mahingan.les4as.ca\/wp-content\/uploads\/2023\/02\/DSCN7484.jpg 1200w, https:\/\/mahingan.les4as.ca\/wp-content\/uploads\/2023\/02\/DSCN7484-300x225.jpg 300w, https:\/\/mahingan.les4as.ca\/wp-content\/uploads\/2023\/02\/DSCN7484-1024x768.jpg 1024w, https:\/\/mahingan.les4as.ca\/wp-content\/uploads\/2023\/02\/DSCN7484-768x576.jpg 768w, https:\/\/mahingan.les4as.ca\/wp-content\/uploads\/2023\/02\/DSCN7484-360x270.jpg 360w\" sizes=\"auto, (max-width: 1200px) 100vw, 1200px\" \/><\/a><\/figure>\n\n\n\n<figure class=\"wp-block-image size-full\"><a href=\"\/wp-content\/uploads\/2023\/02\/DSCN7485.jpg\"><img loading=\"lazy\" decoding=\"async\" width=\"1200\" height=\"900\" data-id=\"7465\" src=\"\/wp-content\/uploads\/2023\/02\/DSCN7485.jpg\" alt=\"\" class=\"wp-image-7465\" srcset=\"https:\/\/mahingan.les4as.ca\/wp-content\/uploads\/2023\/02\/DSCN7485.jpg 1200w, https:\/\/mahingan.les4as.ca\/wp-content\/uploads\/2023\/02\/DSCN7485-300x225.jpg 300w, https:\/\/mahingan.les4as.ca\/wp-content\/uploads\/2023\/02\/DSCN7485-1024x768.jpg 1024w, https:\/\/mahingan.les4as.ca\/wp-content\/uploads\/2023\/02\/DSCN7485-768x576.jpg 768w, https:\/\/mahingan.les4as.ca\/wp-content\/uploads\/2023\/02\/DSCN7485-360x270.jpg 360w\" sizes=\"auto, (max-width: 1200px) 100vw, 1200px\" \/><\/a><\/figure>\n<figcaption class=\"blocks-gallery-caption wp-element-caption\">Le lac la Haie direction sud au niveau du ruisseau des Ours.<br>N 48\u00b0 28.850&prime; W 078\u00b0 41.808&prime;<\/figcaption><\/figure>\n\n\n\n<figure class=\"wp-block-video aligncenter\"><video height=\"270\" style=\"aspect-ratio: 480 \/ 270;\" width=\"480\" controls src=\"\/wp-content\/uploads\/2023\/02\/DSCN7486_480_FPS20_BR544.mov\"><\/video><figcaption class=\"wp-element-caption\">Le lac la Haie au niveau du ruisseau des Ours.<br>N 48\u00b0 28.850&prime; W 078\u00b0 41.808&prime;<\/figcaption><\/figure>\n\n\n<div class=\"wp-block-image\">\n<figure class=\"aligncenter size-full\"><a href=\"\/wp-content\/uploads\/2023\/02\/DSCN7487.jpg\"><img loading=\"lazy\" decoding=\"async\" width=\"1200\" height=\"900\" src=\"\/wp-content\/uploads\/2023\/02\/DSCN7487.jpg\" alt=\"\" class=\"wp-image-7467\" srcset=\"https:\/\/mahingan.les4as.ca\/wp-content\/uploads\/2023\/02\/DSCN7487.jpg 1200w, https:\/\/mahingan.les4as.ca\/wp-content\/uploads\/2023\/02\/DSCN7487-300x225.jpg 300w, https:\/\/mahingan.les4as.ca\/wp-content\/uploads\/2023\/02\/DSCN7487-1024x768.jpg 1024w, https:\/\/mahingan.les4as.ca\/wp-content\/uploads\/2023\/02\/DSCN7487-768x576.jpg 768w, https:\/\/mahingan.les4as.ca\/wp-content\/uploads\/2023\/02\/DSCN7487-360x270.jpg 360w\" sizes=\"auto, (max-width: 1200px) 100vw, 1200px\" \/><\/a><figcaption class=\"wp-element-caption\">Sur le quai, tout pr\u00e8s du ruisseau des Ours, Jos\u00e9e prend un bain de soleil. Mais un danger la guette!<br>N 48\u00b0 28.850&prime; W 078\u00b0 41.808&prime;<\/figcaption><\/figure>\n<\/div>\n\n<div class=\"wp-block-image\">\n<figure class=\"aligncenter size-full\"><a href=\"\/wp-content\/uploads\/2023\/02\/DSCN7491.jpg\"><img loading=\"lazy\" decoding=\"async\" width=\"1200\" height=\"900\" src=\"\/wp-content\/uploads\/2023\/02\/DSCN7491.jpg\" alt=\"\" class=\"wp-image-7468\" srcset=\"https:\/\/mahingan.les4as.ca\/wp-content\/uploads\/2023\/02\/DSCN7491.jpg 1200w, https:\/\/mahingan.les4as.ca\/wp-content\/uploads\/2023\/02\/DSCN7491-300x225.jpg 300w, https:\/\/mahingan.les4as.ca\/wp-content\/uploads\/2023\/02\/DSCN7491-1024x768.jpg 1024w, https:\/\/mahingan.les4as.ca\/wp-content\/uploads\/2023\/02\/DSCN7491-768x576.jpg 768w, https:\/\/mahingan.les4as.ca\/wp-content\/uploads\/2023\/02\/DSCN7491-360x270.jpg 360w\" sizes=\"auto, (max-width: 1200px) 100vw, 1200px\" \/><\/a><figcaption class=\"wp-element-caption\">Vous n&rsquo;avez jamais vu quelqu&rsquo;un d\u00e9guerpir aussi vite!<br>N 48\u00b0 28.850&prime; W 078\u00b0 41.808&prime;<\/figcaption><\/figure>\n<\/div>\n\n<div class=\"wp-block-image\">\n<figure class=\"aligncenter size-full\"><a href=\"\/wp-content\/uploads\/2023\/02\/DSCN7495.jpg\"><img loading=\"lazy\" decoding=\"async\" width=\"1200\" height=\"900\" src=\"\/wp-content\/uploads\/2023\/02\/DSCN7495.jpg\" alt=\"\" class=\"wp-image-7469\" srcset=\"https:\/\/mahingan.les4as.ca\/wp-content\/uploads\/2023\/02\/DSCN7495.jpg 1200w, https:\/\/mahingan.les4as.ca\/wp-content\/uploads\/2023\/02\/DSCN7495-300x225.jpg 300w, https:\/\/mahingan.les4as.ca\/wp-content\/uploads\/2023\/02\/DSCN7495-1024x768.jpg 1024w, https:\/\/mahingan.les4as.ca\/wp-content\/uploads\/2023\/02\/DSCN7495-768x576.jpg 768w, https:\/\/mahingan.les4as.ca\/wp-content\/uploads\/2023\/02\/DSCN7495-360x270.jpg 360w\" sizes=\"auto, (max-width: 1200px) 100vw, 1200px\" \/><\/a><figcaption class=\"wp-element-caption\">Jos\u00e9e a une peur bleu des couleuvres.<br>N 48\u00b0 28.850&prime; W 078\u00b0 41.808&prime;<\/figcaption><\/figure>\n<\/div>\n\n<div class=\"wp-block-image\">\n<figure class=\"aligncenter size-full\"><a href=\"\/wp-content\/uploads\/2023\/02\/DSCN7498.jpg\"><img loading=\"lazy\" decoding=\"async\" width=\"1200\" height=\"900\" src=\"\/wp-content\/uploads\/2023\/02\/DSCN7498.jpg\" alt=\"\" class=\"wp-image-7470\" srcset=\"https:\/\/mahingan.les4as.ca\/wp-content\/uploads\/2023\/02\/DSCN7498.jpg 1200w, https:\/\/mahingan.les4as.ca\/wp-content\/uploads\/2023\/02\/DSCN7498-300x225.jpg 300w, https:\/\/mahingan.les4as.ca\/wp-content\/uploads\/2023\/02\/DSCN7498-1024x768.jpg 1024w, https:\/\/mahingan.les4as.ca\/wp-content\/uploads\/2023\/02\/DSCN7498-768x576.jpg 768w, https:\/\/mahingan.les4as.ca\/wp-content\/uploads\/2023\/02\/DSCN7498-360x270.jpg 360w\" sizes=\"auto, (max-width: 1200px) 100vw, 1200px\" \/><\/a><figcaption class=\"wp-element-caption\">Nous sommes encore tout pr\u00e8s de la falaise avec une vue sur le lac la Haie direction sud. Au loin, nous pouvons apercevoir la passerelle suspendue.<br>N 48\u00b0 27.949&prime; W 078\u00b0 42.051&prime;<\/figcaption><\/figure>\n<\/div>","protected":false},"excerpt":{"rendered":"<p>R\u00e9sum\u00e9 de la randonn\u00e9e Le mot Abitibi provient de la langue algonquine et il signifie \u00ab l\u00e0 o\u00f9 les eaux se s\u00e9parent \u00bb. Aujourd\u2019hui, notre objectif est de r\u00e9ussir \u00e0 atteindre la ligne de partage des eaux. C\u2019est une limite g\u00e9ographique qui divise un territoire en plusieurs bassins versants. Les eaux qui s\u2019\u00e9coulent vers le nord se rendront \u00e0 la baie d\u2019Hudson et celles qui iront en direction sud finiront par atteindre le fleuve Saint-Laurent. Dans le parc national d\u2019Aiguebelle,&#8230;<\/p>\n<p class=\"read-more\"><a class=\"btn btn-default\" href=\"https:\/\/mahingan.les4as.ca\/?p=7365\">Lire la suite<span class=\"screen-reader-text\"> Lire la suite<\/span><\/a><\/p>\n","protected":false},"author":1,"featured_media":7461,"comment_status":"open","ping_status":"open","sticky":false,"template":"","format":"standard","meta":{"footnotes":""},"categories":[40,41,3,35],"tags":[16],"class_list":["post-7365","post","type-post","status-publish","format-standard","has-post-thumbnail","hentry","category-abitibi-temiscamingue","category-parc-national-daiguebelle","category-randonnees","category-regions-administratives-du-quebec","tag-randonnee"],"_links":{"self":[{"href":"https:\/\/mahingan.les4as.ca\/index.php?rest_route=\/wp\/v2\/posts\/7365","targetHints":{"allow":["GET"]}}],"collection":[{"href":"https:\/\/mahingan.les4as.ca\/index.php?rest_route=\/wp\/v2\/posts"}],"about":[{"href":"https:\/\/mahingan.les4as.ca\/index.php?rest_route=\/wp\/v2\/types\/post"}],"author":[{"embeddable":true,"href":"https:\/\/mahingan.les4as.ca\/index.php?rest_route=\/wp\/v2\/users\/1"}],"replies":[{"embeddable":true,"href":"https:\/\/mahingan.les4as.ca\/index.php?rest_route=%2Fwp%2Fv2%2Fcomments&post=7365"}],"version-history":[{"count":11,"href":"https:\/\/mahingan.les4as.ca\/index.php?rest_route=\/wp\/v2\/posts\/7365\/revisions"}],"predecessor-version":[{"id":7681,"href":"https:\/\/mahingan.les4as.ca\/index.php?rest_route=\/wp\/v2\/posts\/7365\/revisions\/7681"}],"wp:featuredmedia":[{"embeddable":true,"href":"https:\/\/mahingan.les4as.ca\/index.php?rest_route=\/wp\/v2\/media\/7461"}],"wp:attachment":[{"href":"https:\/\/mahingan.les4as.ca\/index.php?rest_route=%2Fwp%2Fv2%2Fmedia&parent=7365"}],"wp:term":[{"taxonomy":"category","embeddable":true,"href":"https:\/\/mahingan.les4as.ca\/index.php?rest_route=%2Fwp%2Fv2%2Fcategories&post=7365"},{"taxonomy":"post_tag","embeddable":true,"href":"https:\/\/mahingan.les4as.ca\/index.php?rest_route=%2Fwp%2Fv2%2Ftags&post=7365"}],"curies":[{"name":"wp","href":"https:\/\/api.w.org\/{rel}","templated":true}]}}