{"id":7202,"date":"2023-02-20T09:37:46","date_gmt":"2023-02-20T14:37:46","guid":{"rendered":"https:\/\/mahingan.les4as.ca\/?p=7202"},"modified":"2023-02-28T10:32:20","modified_gmt":"2023-02-28T15:32:20","slug":"sentiers-lescalade-et-la-traverse","status":"publish","type":"post","link":"https:\/\/mahingan.les4as.ca\/?p=7202","title":{"rendered":"Sentiers l&rsquo;Escalade et la Traverse"},"content":{"rendered":"\n<h1 class=\"wp-block-heading\">R\u00e9sum\u00e9 de la randonn\u00e9e<\/h1>\n\n\n\n<p>Aujourd\u2019hui, nous allons parcourir deux sentiers&nbsp;: le sentier l\u2019Escalade et le sentier la Traverse. De notre emplacement de camping, afin d\u2019atteindre le stationnement du lac la Haie, nous prenons la route 27 en direction nord puis la route 2 en direction ouest pour bifurquer sur la route 26.<\/p>\n\n\n\n<p>Le sentier l\u2019Escalade est une ascension constante pendant un peu moins de 2 kilom\u00e8tres suivie d\u2019une petite boucle au sommet de la colline la Trompeuse. Au d\u00e9but du sentier, nous prenons quelques minutes pour admirer, encore une fois, la cascade de la Salamandre. Cette fois-ci, nous sommes sur l\u2019autre rive de la rivi\u00e8re qui d\u00e9charge le lac la Haie. Voir l\u2019article sur <a href=\"\/?p=7142\">le sentier la Castori\u00e8re et la Salamandre<\/a>. La mont\u00e9e de la colline la Trompeuse est agr\u00e9able et, au sommet, nous effectuons la petite boucle pour ensuite redescendre et nous arr\u00eater au refuge la Cigale. Puisque nous avons d\u00e9but\u00e9 notre journ\u00e9e tardivement, nous arr\u00eatons au refuge pour prendre notre repas du midi. La vue sur les environs est magnifique.<\/p>\n\n\n\n<p>Nous revenons sur nos pas pour prendre le sentier la Traverse. Ce sentier nous fait d\u00e9couvrir le lac la Haie et aussi la fameuse passerelle suspendue d\u2019une longueur d\u2019environ 64 m\u00e8tres \u00e0 une hauteur d\u2019environ 22 m\u00e8tres. Laissez-moi vous dire que mon vertige en a pris pour son rhume! Malgr\u00e9 tout, je me suis trouv\u00e9 pas mal bon puisque super Jos\u00e9e m\u2019a oblig\u00e9 \u00e0 passer plusieurs fois sur cette passerelle durant notre s\u00e9jour dans le parc. Mais, ceci est une autre histoire que je vous raconterai dans les prochains articles. Au beau milieu de la passerelle, nous admirons le lac la Haie dans toute sa splendeur. Les parois rocheuses qui nous entourent sont tout simplement \u00e9poustouflantes. \u00c0 l\u2019extr\u00e9mit\u00e9 est de la passerelle, il y a une plaque comm\u00e9morative o\u00f9 nous pouvons lire&nbsp;:<\/p>\n\n\n\n<blockquote class=\"wp-block-quote is-layout-flow wp-block-quote-is-layout-flow\">\n<p class=\"has-text-align-center\">La passerelle pi\u00e9tonni\u00e8re<\/p>\n\n\n\n<p class=\"has-text-align-center\">\u2018UBIQUE\u2019<\/p>\n\n\n\n<p>Elle est le fruit d\u2019une \u00e9troite collaboration entre le minist\u00e8re du Loisir, de la Chasse et de la p\u00eache et le minist\u00e8re de la d\u00e9fense nationale. Les membres du 5<sup>e<\/sup> r\u00e9giment du g\u00e9nie du combat de la base des forces canadiennes Valcartier et du 9<sup>e<\/sup> escadron du g\u00e9nie de campagne (milice) de Rouyn-Noranda ont particip\u00e9 conjointement \u00e0 l\u2019accomplissement de ce projet. La phase initiale de construction s\u2019est d\u00e9roul\u00e9e en octobre et novembre 1989 et la phase finale en juin 1990. Le mot latin \u2018UBIQUE\u2019 qui signifie \u00ab\u00a0PARTOUT\u00a0\u00bb est la devise du g\u00e9nie militaire canadien.<\/p>\n<\/blockquote>\n\n\n\n<p>Nous sommes maintenant sur le c\u00f4t\u00e9 est du lac la Haie et nous nous dirigeons vers le d\u00e9but du sentier. Une autre belle surprise nous attend, une marmite de g\u00e9ant! Il y en a cinq dans la r\u00e9gion et celle-ci est la plus impressionnante! Un panneau tout pr\u00e8s nous donne des informations sur la formation des marmites.<\/p>\n\n\n\n<blockquote class=\"wp-block-quote is-layout-flow wp-block-quote-is-layout-flow\">\n<p class=\"has-text-align-center\">Les marmites de g\u00e9ants<\/p>\n\n\n\n<p class=\"has-text-align-center\">Trois kilom\u00e8tres de glace qui fond!<\/p>\n\n\n\n<p>Imaginez\u2026 sur plusieurs centaines de m\u00e8tres, un torrent descend en cascade et en chute au travers de la glace. En arrivant au fond du glacier, les eaux accumulent beaucoup de sable, de gravier et de d\u00e9bris rocheux de plus grande taille. Lorsqu\u2019elles s\u2019infiltrent dans une fissure, ces eaux glaci\u00e8res sablent litt\u00e9ralement les parois rocheuses. Coinc\u00e9 dans les cavit\u00e9s, le torrent tourbillonne et creuse ainsi des marmites de g\u00e9ants. De cette fa\u00e7on, un r\u00e9seau de marmites de g\u00e9ants s\u2019est forg\u00e9 dans le roc.<\/p>\n<\/blockquote>\n\n\n\n<p>Sur ce, la journ\u00e9e se termine et nous retournons \u00e0 notre campement avec de beaux souvenirs qui seront grav\u00e9s \u00e0 tout jamais dans nos m\u00e9moires.<\/p>\n\n\n\n<h1 class=\"wp-block-heading\">Informations sur la randonn\u00e9e<\/h1>\n\n\n\n<p><strong>Date :<\/strong> 6 juillet 2022<\/p>\n\n\n\n<p><strong>M\u00e9t\u00e9o :<\/strong> Ensoleill\u00e9, 21\u00b0C.<\/p>\n\n\n\n<p><strong>Distance :<\/strong> 7.6 Kilom\u00e8tres<\/p>\n\n\n\n<p><strong>Stationnement : <\/strong>Stationnement du lac La Haie via la route 26.<\/p>\n\n\n\n<p><strong>Coordonn\u00e9e GPS du stationnement :<\/strong> N 48\u00b027.139&prime; W 078\u00b042.058&prime;<\/p>\n\n\n\n<p><strong>Lien vers la carte du sentier :<\/strong> <a href=\"\/wp-content\/uploads\/cartes\/SentiersParcNationalDAiguebelle\/aig_carte_generale.pdf\">Sentiers l&rsquo;Escalade et la Traverse<\/a><\/p>\n\n\n\n<p><strong>Lien vers le profil du sentier :<\/strong> <a href=\"\/wp-content\/uploads\/2023\/02\/Profil_SentiersLEscaladeEtLaTraverse.jpg\">Profil des sentiers l&rsquo;Escalade et la Traverse<\/a><\/p>\n\n\n\n<p><strong>Fichier gpx pour le GPS :<\/strong> <a href=\"\/wp-content\/uploads\/gpx\/Track_Sentiers_L_Escalade_Et_La_Traverse.gpx\">Track_Sentiers_L_Escalade_Et_La_Traverse.gpx<\/a><\/p>\n\n\n\n<p><strong>Parcours :<\/strong> Boucle<\/p>\n\n\n\n<p><strong>Temps total pour la randonn\u00e9e :<\/strong>&nbsp;4 heures 21 minutes<\/p>\n\n\n\n<p><strong>Temps de d\u00e9placement :<\/strong> 2 heures 41 minutes<\/p>\n\n\n\n<p><strong>Temps d&rsquo;arr\u00eat :<\/strong> 1 heure 39 minutes<\/p>\n\n\n<div class=\"wp-block-image\">\n<figure class=\"aligncenter size-full\"><a href=\"\/wp-content\/uploads\/2023\/02\/TraceGPS_SentiersLEscaladeEtLaTraverse.jpg\"><img loading=\"lazy\" decoding=\"async\" width=\"1096\" height=\"863\" src=\"\/wp-content\/uploads\/2023\/02\/TraceGPS_SentiersLEscaladeEtLaTraverse.jpg\" alt=\"\" class=\"wp-image-7210\" srcset=\"https:\/\/mahingan.les4as.ca\/wp-content\/uploads\/2023\/02\/TraceGPS_SentiersLEscaladeEtLaTraverse.jpg 1096w, https:\/\/mahingan.les4as.ca\/wp-content\/uploads\/2023\/02\/TraceGPS_SentiersLEscaladeEtLaTraverse-300x236.jpg 300w, https:\/\/mahingan.les4as.ca\/wp-content\/uploads\/2023\/02\/TraceGPS_SentiersLEscaladeEtLaTraverse-1024x806.jpg 1024w, https:\/\/mahingan.les4as.ca\/wp-content\/uploads\/2023\/02\/TraceGPS_SentiersLEscaladeEtLaTraverse-768x605.jpg 768w, https:\/\/mahingan.les4as.ca\/wp-content\/uploads\/2023\/02\/TraceGPS_SentiersLEscaladeEtLaTraverse-343x270.jpg 343w\" sizes=\"auto, (max-width: 1096px) 100vw, 1096px\" \/><\/a><figcaption class=\"wp-element-caption\">Trac\u00e9 GPS de la randonn\u00e9e sur les sentiers l&rsquo;Escale et la Traverse.<\/figcaption><\/figure>\n<\/div>\n\n\n<h1 class=\"wp-block-heading\">Photos de la randonn\u00e9e<\/h1>\n\n\n<div class=\"wp-block-image\">\n<figure class=\"aligncenter size-full\"><a href=\"\/wp-content\/uploads\/2023\/02\/DSCN7326.jpg\"><img loading=\"lazy\" decoding=\"async\" width=\"1200\" height=\"900\" src=\"\/wp-content\/uploads\/2023\/02\/DSCN7326.jpg\" alt=\"\" class=\"wp-image-7213\" srcset=\"https:\/\/mahingan.les4as.ca\/wp-content\/uploads\/2023\/02\/DSCN7326.jpg 1200w, https:\/\/mahingan.les4as.ca\/wp-content\/uploads\/2023\/02\/DSCN7326-300x225.jpg 300w, https:\/\/mahingan.les4as.ca\/wp-content\/uploads\/2023\/02\/DSCN7326-1024x768.jpg 1024w, https:\/\/mahingan.les4as.ca\/wp-content\/uploads\/2023\/02\/DSCN7326-768x576.jpg 768w, https:\/\/mahingan.les4as.ca\/wp-content\/uploads\/2023\/02\/DSCN7326-360x270.jpg 360w\" sizes=\"auto, (max-width: 1200px) 100vw, 1200px\" \/><\/a><figcaption class=\"wp-element-caption\">D\u00e9but du sentier l&rsquo;Escalade.<br>N 48\u00b0 27.167&prime; W 078\u00b0 42.082&prime;<\/figcaption><\/figure>\n<\/div>\n\n<div class=\"wp-block-image\">\n<figure class=\"aligncenter size-full\"><a href=\"\/wp-content\/uploads\/2023\/02\/DSCN7327.jpg\"><img loading=\"lazy\" decoding=\"async\" width=\"1200\" height=\"900\" src=\"\/wp-content\/uploads\/2023\/02\/DSCN7327.jpg\" alt=\"\" class=\"wp-image-7214\" srcset=\"https:\/\/mahingan.les4as.ca\/wp-content\/uploads\/2023\/02\/DSCN7327.jpg 1200w, https:\/\/mahingan.les4as.ca\/wp-content\/uploads\/2023\/02\/DSCN7327-300x225.jpg 300w, https:\/\/mahingan.les4as.ca\/wp-content\/uploads\/2023\/02\/DSCN7327-1024x768.jpg 1024w, https:\/\/mahingan.les4as.ca\/wp-content\/uploads\/2023\/02\/DSCN7327-768x576.jpg 768w, https:\/\/mahingan.les4as.ca\/wp-content\/uploads\/2023\/02\/DSCN7327-360x270.jpg 360w\" sizes=\"auto, (max-width: 1200px) 100vw, 1200px\" \/><\/a><figcaption class=\"wp-element-caption\">La petite cascade la Salamandre.<br>N 48\u00b0 27.324&prime; W 078\u00b0 42.135&prime;<\/figcaption><\/figure>\n<\/div>\n\n<div class=\"wp-block-image\">\n<figure class=\"aligncenter size-full\"><a href=\"\/wp-content\/uploads\/2023\/02\/DSCN7328.jpg\"><img loading=\"lazy\" decoding=\"async\" width=\"1200\" height=\"900\" src=\"\/wp-content\/uploads\/2023\/02\/DSCN7328.jpg\" alt=\"\" class=\"wp-image-7215\" srcset=\"https:\/\/mahingan.les4as.ca\/wp-content\/uploads\/2023\/02\/DSCN7328.jpg 1200w, https:\/\/mahingan.les4as.ca\/wp-content\/uploads\/2023\/02\/DSCN7328-300x225.jpg 300w, https:\/\/mahingan.les4as.ca\/wp-content\/uploads\/2023\/02\/DSCN7328-1024x768.jpg 1024w, https:\/\/mahingan.les4as.ca\/wp-content\/uploads\/2023\/02\/DSCN7328-768x576.jpg 768w, https:\/\/mahingan.les4as.ca\/wp-content\/uploads\/2023\/02\/DSCN7328-360x270.jpg 360w\" sizes=\"auto, (max-width: 1200px) 100vw, 1200px\" \/><\/a><figcaption class=\"wp-element-caption\">La petite cascade la Salamandre.<br>N 48\u00b0 27.324&prime; W 078\u00b0 42.135&prime;<\/figcaption><\/figure>\n<\/div>\n\n\n<figure class=\"wp-block-video aligncenter\"><video height=\"270\" style=\"aspect-ratio: 480 \/ 270;\" width=\"480\" controls src=\"\/wp-content\/uploads\/2023\/02\/DSCN7330_480_FPS20_BR1984.mov\"><\/video><figcaption class=\"wp-element-caption\">La petite cascade la Salamandre.<br>N 48\u00b0 27.324&prime; W 078\u00b0 42.135&prime;<\/figcaption><\/figure>\n\n\n\n<figure class=\"wp-block-video aligncenter\"><video height=\"270\" style=\"aspect-ratio: 480 \/ 270;\" width=\"480\" controls src=\"\/wp-content\/uploads\/2023\/02\/DSCN7329_480_FPS20_BR416.mov\"><\/video><figcaption class=\"wp-element-caption\">Jos\u00e9e qui s&rsquo;amuse tout pr\u00e8s de la cascade la Salamandre.<br>N 48\u00b0 27.324&prime; W 078\u00b0 42.135&prime;<\/figcaption><\/figure>\n\n\n<div class=\"wp-block-image\">\n<figure class=\"aligncenter size-full\"><a href=\"\/wp-content\/uploads\/2023\/02\/DSCN7332.jpg\"><img loading=\"lazy\" decoding=\"async\" width=\"1200\" height=\"900\" src=\"\/wp-content\/uploads\/2023\/02\/DSCN7332.jpg\" alt=\"\" class=\"wp-image-7219\" srcset=\"https:\/\/mahingan.les4as.ca\/wp-content\/uploads\/2023\/02\/DSCN7332.jpg 1200w, https:\/\/mahingan.les4as.ca\/wp-content\/uploads\/2023\/02\/DSCN7332-300x225.jpg 300w, https:\/\/mahingan.les4as.ca\/wp-content\/uploads\/2023\/02\/DSCN7332-1024x768.jpg 1024w, https:\/\/mahingan.les4as.ca\/wp-content\/uploads\/2023\/02\/DSCN7332-768x576.jpg 768w, https:\/\/mahingan.les4as.ca\/wp-content\/uploads\/2023\/02\/DSCN7332-360x270.jpg 360w\" sizes=\"auto, (max-width: 1200px) 100vw, 1200px\" \/><\/a><figcaption class=\"wp-element-caption\">En direction vers le sommet de la colline la Trompeuse.<br>N 48\u00b0 27.380&prime; W 078\u00b0 42.421&prime;<\/figcaption><\/figure>\n<\/div>\n\n\n<figure class=\"wp-block-video aligncenter\"><video height=\"270\" style=\"aspect-ratio: 480 \/ 270;\" width=\"480\" controls src=\"\/wp-content\/uploads\/2023\/02\/DSCN7331_480_FPS20_BR464.mov\"><\/video><figcaption class=\"wp-element-caption\">En direction vers le sommet de la colline la Trompeuse.<br>N 48\u00b0 27.380&prime; W 078\u00b0 42.421&prime;<\/figcaption><\/figure>\n\n\n<div class=\"wp-block-image\">\n<figure class=\"aligncenter size-full\"><a href=\"\/wp-content\/uploads\/2023\/02\/DSCN7334.jpg\"><img loading=\"lazy\" decoding=\"async\" width=\"1200\" height=\"900\" src=\"\/wp-content\/uploads\/2023\/02\/DSCN7334.jpg\" alt=\"\" class=\"wp-image-7220\" srcset=\"https:\/\/mahingan.les4as.ca\/wp-content\/uploads\/2023\/02\/DSCN7334.jpg 1200w, https:\/\/mahingan.les4as.ca\/wp-content\/uploads\/2023\/02\/DSCN7334-300x225.jpg 300w, https:\/\/mahingan.les4as.ca\/wp-content\/uploads\/2023\/02\/DSCN7334-1024x768.jpg 1024w, https:\/\/mahingan.les4as.ca\/wp-content\/uploads\/2023\/02\/DSCN7334-768x576.jpg 768w, https:\/\/mahingan.les4as.ca\/wp-content\/uploads\/2023\/02\/DSCN7334-360x270.jpg 360w\" sizes=\"auto, (max-width: 1200px) 100vw, 1200px\" \/><\/a><figcaption class=\"wp-element-caption\">Le refuge la Cigale.<br>N 48\u00b0 27.366&prime; W 078\u00b0 42.845&prime;<\/figcaption><\/figure>\n<\/div>\n\n<div class=\"wp-block-image\">\n<figure class=\"aligncenter size-full\"><a href=\"\/wp-content\/uploads\/2023\/02\/DSCN7335.jpg\"><img loading=\"lazy\" decoding=\"async\" width=\"1200\" height=\"900\" src=\"\/wp-content\/uploads\/2023\/02\/DSCN7335.jpg\" alt=\"\" class=\"wp-image-7221\" srcset=\"https:\/\/mahingan.les4as.ca\/wp-content\/uploads\/2023\/02\/DSCN7335.jpg 1200w, https:\/\/mahingan.les4as.ca\/wp-content\/uploads\/2023\/02\/DSCN7335-300x225.jpg 300w, https:\/\/mahingan.les4as.ca\/wp-content\/uploads\/2023\/02\/DSCN7335-1024x768.jpg 1024w, https:\/\/mahingan.les4as.ca\/wp-content\/uploads\/2023\/02\/DSCN7335-768x576.jpg 768w, https:\/\/mahingan.les4as.ca\/wp-content\/uploads\/2023\/02\/DSCN7335-360x270.jpg 360w\" sizes=\"auto, (max-width: 1200px) 100vw, 1200px\" \/><\/a><figcaption class=\"wp-element-caption\">Le refuge la Cigale.<br>N 48\u00b0 27.366&prime; W 078\u00b0 42.845&prime;<\/figcaption><\/figure>\n<\/div>\n\n<div class=\"wp-block-image\">\n<figure class=\"aligncenter size-full\"><a href=\"\/wp-content\/uploads\/2023\/02\/DSCN7338.jpg\"><img loading=\"lazy\" decoding=\"async\" width=\"1200\" height=\"900\" src=\"\/wp-content\/uploads\/2023\/02\/DSCN7338.jpg\" alt=\"\" class=\"wp-image-7223\" srcset=\"https:\/\/mahingan.les4as.ca\/wp-content\/uploads\/2023\/02\/DSCN7338.jpg 1200w, https:\/\/mahingan.les4as.ca\/wp-content\/uploads\/2023\/02\/DSCN7338-300x225.jpg 300w, https:\/\/mahingan.les4as.ca\/wp-content\/uploads\/2023\/02\/DSCN7338-1024x768.jpg 1024w, https:\/\/mahingan.les4as.ca\/wp-content\/uploads\/2023\/02\/DSCN7338-768x576.jpg 768w, https:\/\/mahingan.les4as.ca\/wp-content\/uploads\/2023\/02\/DSCN7338-360x270.jpg 360w\" sizes=\"auto, (max-width: 1200px) 100vw, 1200px\" \/><\/a><figcaption class=\"wp-element-caption\">Pour satisfaire sa curiosit\u00e9, Jos\u00e9e grimpe sur un rocher afin de regarder dans le refuge!<br>N 48\u00b0 27.366&prime; W 078\u00b0 42.845&prime;<\/figcaption><\/figure>\n<\/div>\n\n<div class=\"wp-block-image\">\n<figure class=\"aligncenter size-full\"><a href=\"\/wp-content\/uploads\/2023\/02\/DSCN7337.jpg\"><img loading=\"lazy\" decoding=\"async\" width=\"1200\" height=\"900\" src=\"\/wp-content\/uploads\/2023\/02\/DSCN7337.jpg\" alt=\"\" class=\"wp-image-7222\" srcset=\"https:\/\/mahingan.les4as.ca\/wp-content\/uploads\/2023\/02\/DSCN7337.jpg 1200w, https:\/\/mahingan.les4as.ca\/wp-content\/uploads\/2023\/02\/DSCN7337-300x225.jpg 300w, https:\/\/mahingan.les4as.ca\/wp-content\/uploads\/2023\/02\/DSCN7337-1024x768.jpg 1024w, https:\/\/mahingan.les4as.ca\/wp-content\/uploads\/2023\/02\/DSCN7337-768x576.jpg 768w, https:\/\/mahingan.les4as.ca\/wp-content\/uploads\/2023\/02\/DSCN7337-360x270.jpg 360w\" sizes=\"auto, (max-width: 1200px) 100vw, 1200px\" \/><\/a><figcaption class=\"wp-element-caption\">La vue sur la r\u00e9gion du refuge la Cigale.<br>N 48\u00b0 27.366&prime; W 078\u00b0 42.845&prime;<\/figcaption><\/figure>\n<\/div>\n\n<div class=\"wp-block-image\">\n<figure class=\"aligncenter size-full\"><a href=\"\/wp-content\/uploads\/2023\/02\/DSCN7346.jpg\"><img loading=\"lazy\" decoding=\"async\" width=\"1200\" height=\"900\" src=\"\/wp-content\/uploads\/2023\/02\/DSCN7346.jpg\" alt=\"\" class=\"wp-image-7226\" srcset=\"https:\/\/mahingan.les4as.ca\/wp-content\/uploads\/2023\/02\/DSCN7346.jpg 1200w, https:\/\/mahingan.les4as.ca\/wp-content\/uploads\/2023\/02\/DSCN7346-300x225.jpg 300w, https:\/\/mahingan.les4as.ca\/wp-content\/uploads\/2023\/02\/DSCN7346-1024x768.jpg 1024w, https:\/\/mahingan.les4as.ca\/wp-content\/uploads\/2023\/02\/DSCN7346-768x576.jpg 768w, https:\/\/mahingan.les4as.ca\/wp-content\/uploads\/2023\/02\/DSCN7346-360x270.jpg 360w\" sizes=\"auto, (max-width: 1200px) 100vw, 1200px\" \/><\/a><figcaption class=\"wp-element-caption\">Je suis au sommet de la colline la Trompeuse.<br>N 48\u00b0 27.341&prime; W 078\u00b0 42.877&prime;<\/figcaption><\/figure>\n<\/div>\n\n<div class=\"wp-block-image\">\n<figure class=\"aligncenter size-full\"><a href=\"\/wp-content\/uploads\/2023\/02\/DSCN7341.jpg\"><img loading=\"lazy\" decoding=\"async\" width=\"1200\" height=\"900\" src=\"\/wp-content\/uploads\/2023\/02\/DSCN7341.jpg\" alt=\"\" class=\"wp-image-7225\" srcset=\"https:\/\/mahingan.les4as.ca\/wp-content\/uploads\/2023\/02\/DSCN7341.jpg 1200w, https:\/\/mahingan.les4as.ca\/wp-content\/uploads\/2023\/02\/DSCN7341-300x225.jpg 300w, https:\/\/mahingan.les4as.ca\/wp-content\/uploads\/2023\/02\/DSCN7341-1024x768.jpg 1024w, https:\/\/mahingan.les4as.ca\/wp-content\/uploads\/2023\/02\/DSCN7341-768x576.jpg 768w, https:\/\/mahingan.les4as.ca\/wp-content\/uploads\/2023\/02\/DSCN7341-360x270.jpg 360w\" sizes=\"auto, (max-width: 1200px) 100vw, 1200px\" \/><\/a><figcaption class=\"wp-element-caption\">Nous sommes au sommet de la colline la Trompeuse.<br>N 48\u00b0 27.341&prime; W 078\u00b0 42.877&prime;<\/figcaption><\/figure>\n<\/div>\n\n\n<figure class=\"wp-block-video aligncenter\"><video height=\"270\" style=\"aspect-ratio: 480 \/ 270;\" width=\"480\" controls src=\"\/wp-content\/uploads\/2023\/02\/DSCN7340_480_FPS20_BR1648.mov\"><\/video><figcaption class=\"wp-element-caption\">La vue au sommet de la colline la Trompeuse.<br>N 48\u00b0 27.341&prime; W 078\u00b0 42.877&prime;<\/figcaption><\/figure>\n\n\n<div class=\"wp-block-image\">\n<figure class=\"aligncenter size-full\"><a href=\"\/wp-content\/uploads\/2023\/02\/DSCN7347.jpg\"><img loading=\"lazy\" decoding=\"async\" width=\"1200\" height=\"900\" src=\"\/wp-content\/uploads\/2023\/02\/DSCN7347.jpg\" alt=\"\" class=\"wp-image-7227\" srcset=\"https:\/\/mahingan.les4as.ca\/wp-content\/uploads\/2023\/02\/DSCN7347.jpg 1200w, https:\/\/mahingan.les4as.ca\/wp-content\/uploads\/2023\/02\/DSCN7347-300x225.jpg 300w, https:\/\/mahingan.les4as.ca\/wp-content\/uploads\/2023\/02\/DSCN7347-1024x768.jpg 1024w, https:\/\/mahingan.les4as.ca\/wp-content\/uploads\/2023\/02\/DSCN7347-768x576.jpg 768w, https:\/\/mahingan.les4as.ca\/wp-content\/uploads\/2023\/02\/DSCN7347-360x270.jpg 360w\" sizes=\"auto, (max-width: 1200px) 100vw, 1200px\" \/><\/a><figcaption class=\"wp-element-caption\">D\u00e9but du sentier la Traverse.<br>N 48\u00b0 27.385&prime; W 078\u00b0 42.146&prime;<\/figcaption><\/figure>\n<\/div>\n\n\n<figure class=\"wp-block-gallery aligncenter has-nested-images columns-default is-cropped wp-block-gallery-1 is-layout-flex wp-block-gallery-is-layout-flex\">\n<figure class=\"wp-block-image size-full\"><a href=\"\/wp-content\/uploads\/2023\/02\/DSCN7348.jpg\"><img loading=\"lazy\" decoding=\"async\" width=\"1200\" height=\"900\" data-id=\"7228\" src=\"\/wp-content\/uploads\/2023\/02\/DSCN7348.jpg\" alt=\"\" class=\"wp-image-7228\" srcset=\"https:\/\/mahingan.les4as.ca\/wp-content\/uploads\/2023\/02\/DSCN7348.jpg 1200w, https:\/\/mahingan.les4as.ca\/wp-content\/uploads\/2023\/02\/DSCN7348-300x225.jpg 300w, https:\/\/mahingan.les4as.ca\/wp-content\/uploads\/2023\/02\/DSCN7348-1024x768.jpg 1024w, https:\/\/mahingan.les4as.ca\/wp-content\/uploads\/2023\/02\/DSCN7348-768x576.jpg 768w, https:\/\/mahingan.les4as.ca\/wp-content\/uploads\/2023\/02\/DSCN7348-360x270.jpg 360w\" sizes=\"auto, (max-width: 1200px) 100vw, 1200px\" \/><\/a><\/figure>\n\n\n\n<figure class=\"wp-block-image size-full\"><a href=\"\/wp-content\/uploads\/2023\/02\/DSCN7349.jpg\"><img loading=\"lazy\" decoding=\"async\" width=\"1200\" height=\"900\" data-id=\"7229\" src=\"\/wp-content\/uploads\/2023\/02\/DSCN7349.jpg\" alt=\"\" class=\"wp-image-7229\" srcset=\"https:\/\/mahingan.les4as.ca\/wp-content\/uploads\/2023\/02\/DSCN7349.jpg 1200w, https:\/\/mahingan.les4as.ca\/wp-content\/uploads\/2023\/02\/DSCN7349-300x225.jpg 300w, https:\/\/mahingan.les4as.ca\/wp-content\/uploads\/2023\/02\/DSCN7349-1024x768.jpg 1024w, https:\/\/mahingan.les4as.ca\/wp-content\/uploads\/2023\/02\/DSCN7349-768x576.jpg 768w, https:\/\/mahingan.les4as.ca\/wp-content\/uploads\/2023\/02\/DSCN7349-360x270.jpg 360w\" sizes=\"auto, (max-width: 1200px) 100vw, 1200px\" \/><\/a><\/figure>\n\n\n\n<figure class=\"wp-block-image size-full\"><a href=\"\/wp-content\/uploads\/2023\/02\/DSCN7350.jpg\"><img loading=\"lazy\" decoding=\"async\" width=\"1200\" height=\"900\" data-id=\"7230\" src=\"\/wp-content\/uploads\/2023\/02\/DSCN7350.jpg\" alt=\"\" class=\"wp-image-7230\" srcset=\"https:\/\/mahingan.les4as.ca\/wp-content\/uploads\/2023\/02\/DSCN7350.jpg 1200w, https:\/\/mahingan.les4as.ca\/wp-content\/uploads\/2023\/02\/DSCN7350-300x225.jpg 300w, https:\/\/mahingan.les4as.ca\/wp-content\/uploads\/2023\/02\/DSCN7350-1024x768.jpg 1024w, https:\/\/mahingan.les4as.ca\/wp-content\/uploads\/2023\/02\/DSCN7350-768x576.jpg 768w, https:\/\/mahingan.les4as.ca\/wp-content\/uploads\/2023\/02\/DSCN7350-360x270.jpg 360w\" sizes=\"auto, (max-width: 1200px) 100vw, 1200px\" \/><\/a><\/figure>\n<figcaption class=\"blocks-gallery-caption wp-element-caption\">Vue sur le lac la Haie.<br>N 48\u00b0 27.603&prime; W 078\u00b0 42.163&prime;<\/figcaption><\/figure>\n\n\n\n<figure class=\"wp-block-video aligncenter\"><video height=\"270\" style=\"aspect-ratio: 480 \/ 270;\" width=\"480\" controls src=\"\/wp-content\/uploads\/2023\/02\/DSCN7353_480_FPS20_BR752.mov\"><\/video><figcaption class=\"wp-element-caption\">Vue sur le lac la Haie.<br>N 48\u00b0 27.603&prime; W 078\u00b0 42.163&prime;<\/figcaption><\/figure>\n\n\n\n<p><\/p>\n\n\n<div class=\"wp-block-image\">\n<figure class=\"aligncenter size-full\"><a href=\"\/wp-content\/uploads\/2023\/02\/DSCN7351.jpg\"><img loading=\"lazy\" decoding=\"async\" width=\"1200\" height=\"900\" src=\"\/wp-content\/uploads\/2023\/02\/DSCN7351.jpg\" alt=\"\" class=\"wp-image-7231\" srcset=\"https:\/\/mahingan.les4as.ca\/wp-content\/uploads\/2023\/02\/DSCN7351.jpg 1200w, https:\/\/mahingan.les4as.ca\/wp-content\/uploads\/2023\/02\/DSCN7351-300x225.jpg 300w, https:\/\/mahingan.les4as.ca\/wp-content\/uploads\/2023\/02\/DSCN7351-1024x768.jpg 1024w, https:\/\/mahingan.les4as.ca\/wp-content\/uploads\/2023\/02\/DSCN7351-768x576.jpg 768w, https:\/\/mahingan.les4as.ca\/wp-content\/uploads\/2023\/02\/DSCN7351-360x270.jpg 360w\" sizes=\"auto, (max-width: 1200px) 100vw, 1200px\" \/><\/a><figcaption class=\"wp-element-caption\">Vue sur le lac la Haie et sur la passerelle suspendue.<br>N 48\u00b0 27.603&prime; W 078\u00b0 42.163&prime;<\/figcaption><\/figure>\n<\/div>\n\n<div class=\"wp-block-image\">\n<figure class=\"aligncenter size-full\"><a href=\"\/wp-content\/uploads\/2023\/02\/DSCN7352.jpg\"><img loading=\"lazy\" decoding=\"async\" width=\"1200\" height=\"900\" src=\"\/wp-content\/uploads\/2023\/02\/DSCN7352.jpg\" alt=\"\" class=\"wp-image-7232\" srcset=\"https:\/\/mahingan.les4as.ca\/wp-content\/uploads\/2023\/02\/DSCN7352.jpg 1200w, https:\/\/mahingan.les4as.ca\/wp-content\/uploads\/2023\/02\/DSCN7352-300x225.jpg 300w, https:\/\/mahingan.les4as.ca\/wp-content\/uploads\/2023\/02\/DSCN7352-1024x768.jpg 1024w, https:\/\/mahingan.les4as.ca\/wp-content\/uploads\/2023\/02\/DSCN7352-768x576.jpg 768w, https:\/\/mahingan.les4as.ca\/wp-content\/uploads\/2023\/02\/DSCN7352-360x270.jpg 360w\" sizes=\"auto, (max-width: 1200px) 100vw, 1200px\" \/><\/a><figcaption class=\"wp-element-caption\">La passerelle suspendue au-dessus du lac la Haie.<br>N 48\u00b0 27.603&prime; W 078\u00b0 42.163&prime;<\/figcaption><\/figure>\n<\/div>\n\n\n<figure class=\"wp-block-video aligncenter\"><video height=\"270\" style=\"aspect-ratio: 480 \/ 270;\" width=\"480\" controls src=\"\/wp-content\/uploads\/2023\/02\/DSCN7356_480_FPS20_BR720.mov\"><\/video><figcaption class=\"wp-element-caption\">Vue sur le lac la Haie et sur la passerelle suspendue.<br>N 48\u00b0 27.770&prime; W 078\u00b0 42.206&prime;<\/figcaption><\/figure>\n\n\n<div class=\"wp-block-image\">\n<figure class=\"aligncenter size-full\"><a href=\"\/wp-content\/uploads\/2023\/02\/DSCN7357.jpg\"><img loading=\"lazy\" decoding=\"async\" width=\"1200\" height=\"900\" src=\"\/wp-content\/uploads\/2023\/02\/DSCN7357.jpg\" alt=\"\" class=\"wp-image-7235\" srcset=\"https:\/\/mahingan.les4as.ca\/wp-content\/uploads\/2023\/02\/DSCN7357.jpg 1200w, https:\/\/mahingan.les4as.ca\/wp-content\/uploads\/2023\/02\/DSCN7357-300x225.jpg 300w, https:\/\/mahingan.les4as.ca\/wp-content\/uploads\/2023\/02\/DSCN7357-1024x768.jpg 1024w, https:\/\/mahingan.les4as.ca\/wp-content\/uploads\/2023\/02\/DSCN7357-768x576.jpg 768w, https:\/\/mahingan.les4as.ca\/wp-content\/uploads\/2023\/02\/DSCN7357-360x270.jpg 360w\" sizes=\"auto, (max-width: 1200px) 100vw, 1200px\" \/><\/a><figcaption class=\"wp-element-caption\">Vue sur le lac la Haie.<br>N 48\u00b0 27.801&prime; W 078\u00b0 42.188&prime;<\/figcaption><\/figure>\n<\/div>\n\n<div class=\"wp-block-image\">\n<figure class=\"aligncenter size-full\"><a href=\"\/wp-content\/uploads\/2023\/02\/DSCN7358.jpg\"><img loading=\"lazy\" decoding=\"async\" width=\"1200\" height=\"900\" src=\"\/wp-content\/uploads\/2023\/02\/DSCN7358.jpg\" alt=\"\" class=\"wp-image-7236\" srcset=\"https:\/\/mahingan.les4as.ca\/wp-content\/uploads\/2023\/02\/DSCN7358.jpg 1200w, https:\/\/mahingan.les4as.ca\/wp-content\/uploads\/2023\/02\/DSCN7358-300x225.jpg 300w, https:\/\/mahingan.les4as.ca\/wp-content\/uploads\/2023\/02\/DSCN7358-1024x768.jpg 1024w, https:\/\/mahingan.les4as.ca\/wp-content\/uploads\/2023\/02\/DSCN7358-768x576.jpg 768w, https:\/\/mahingan.les4as.ca\/wp-content\/uploads\/2023\/02\/DSCN7358-360x270.jpg 360w\" sizes=\"auto, (max-width: 1200px) 100vw, 1200px\" \/><\/a><figcaption class=\"wp-element-caption\">Vue sur la passerelle suspendue.<br>N 48\u00b0 27.801&prime; W 078\u00b0 42.188&prime;<\/figcaption><\/figure>\n<\/div>\n\n<div class=\"wp-block-image\">\n<figure class=\"aligncenter size-full\"><a href=\"\/wp-content\/uploads\/2023\/02\/DSCN7359.jpg\"><img loading=\"lazy\" decoding=\"async\" width=\"1200\" height=\"900\" src=\"\/wp-content\/uploads\/2023\/02\/DSCN7359.jpg\" alt=\"\" class=\"wp-image-7237\" srcset=\"https:\/\/mahingan.les4as.ca\/wp-content\/uploads\/2023\/02\/DSCN7359.jpg 1200w, https:\/\/mahingan.les4as.ca\/wp-content\/uploads\/2023\/02\/DSCN7359-300x225.jpg 300w, https:\/\/mahingan.les4as.ca\/wp-content\/uploads\/2023\/02\/DSCN7359-1024x768.jpg 1024w, https:\/\/mahingan.les4as.ca\/wp-content\/uploads\/2023\/02\/DSCN7359-768x576.jpg 768w, https:\/\/mahingan.les4as.ca\/wp-content\/uploads\/2023\/02\/DSCN7359-360x270.jpg 360w\" sizes=\"auto, (max-width: 1200px) 100vw, 1200px\" \/><\/a><figcaption class=\"wp-element-caption\">Vue sur le lac la Haie juste un peu avant la passerelle suspendue.<br>N 48\u00b0 27.801&prime; W 078\u00b0 42.188&prime;<\/figcaption><\/figure>\n<\/div>\n\n<div class=\"wp-block-image\">\n<figure class=\"aligncenter size-full\"><a href=\"\/wp-content\/uploads\/2023\/02\/DSCN7360.jpg\"><img loading=\"lazy\" decoding=\"async\" width=\"1200\" height=\"900\" src=\"\/wp-content\/uploads\/2023\/02\/DSCN7360.jpg\" alt=\"\" class=\"wp-image-7238\" srcset=\"https:\/\/mahingan.les4as.ca\/wp-content\/uploads\/2023\/02\/DSCN7360.jpg 1200w, https:\/\/mahingan.les4as.ca\/wp-content\/uploads\/2023\/02\/DSCN7360-300x225.jpg 300w, https:\/\/mahingan.les4as.ca\/wp-content\/uploads\/2023\/02\/DSCN7360-1024x768.jpg 1024w, https:\/\/mahingan.les4as.ca\/wp-content\/uploads\/2023\/02\/DSCN7360-768x576.jpg 768w, https:\/\/mahingan.les4as.ca\/wp-content\/uploads\/2023\/02\/DSCN7360-360x270.jpg 360w\" sizes=\"auto, (max-width: 1200px) 100vw, 1200px\" \/><\/a><figcaption class=\"wp-element-caption\">La passerelle suspendue.<br>N 48\u00b0 27.801&prime; W 078\u00b0 42.188&prime;<\/figcaption><\/figure>\n<\/div>\n\n<div class=\"wp-block-image\">\n<figure class=\"aligncenter size-full\"><a href=\"\/wp-content\/uploads\/2023\/02\/DSCN7362.jpg\"><img loading=\"lazy\" decoding=\"async\" width=\"1200\" height=\"900\" src=\"\/wp-content\/uploads\/2023\/02\/DSCN7362.jpg\" alt=\"\" class=\"wp-image-7240\" srcset=\"https:\/\/mahingan.les4as.ca\/wp-content\/uploads\/2023\/02\/DSCN7362.jpg 1200w, https:\/\/mahingan.les4as.ca\/wp-content\/uploads\/2023\/02\/DSCN7362-300x225.jpg 300w, https:\/\/mahingan.les4as.ca\/wp-content\/uploads\/2023\/02\/DSCN7362-1024x768.jpg 1024w, https:\/\/mahingan.les4as.ca\/wp-content\/uploads\/2023\/02\/DSCN7362-768x576.jpg 768w, https:\/\/mahingan.les4as.ca\/wp-content\/uploads\/2023\/02\/DSCN7362-360x270.jpg 360w\" sizes=\"auto, (max-width: 1200px) 100vw, 1200px\" \/><\/a><figcaption class=\"wp-element-caption\">Une vue du lac la Haie de la passerelle suspendue.<br>N 48\u00b0 27.821&prime; W 078\u00b0 42.117&prime;<\/figcaption><\/figure>\n<\/div>\n\n<div class=\"wp-block-image\">\n<figure class=\"aligncenter size-full\"><a href=\"\/wp-content\/uploads\/2023\/02\/DSCN7361.jpg\"><img loading=\"lazy\" decoding=\"async\" width=\"1200\" height=\"900\" src=\"\/wp-content\/uploads\/2023\/02\/DSCN7361.jpg\" alt=\"\" class=\"wp-image-7239\" srcset=\"https:\/\/mahingan.les4as.ca\/wp-content\/uploads\/2023\/02\/DSCN7361.jpg 1200w, https:\/\/mahingan.les4as.ca\/wp-content\/uploads\/2023\/02\/DSCN7361-300x225.jpg 300w, https:\/\/mahingan.les4as.ca\/wp-content\/uploads\/2023\/02\/DSCN7361-1024x768.jpg 1024w, https:\/\/mahingan.les4as.ca\/wp-content\/uploads\/2023\/02\/DSCN7361-768x576.jpg 768w, https:\/\/mahingan.les4as.ca\/wp-content\/uploads\/2023\/02\/DSCN7361-360x270.jpg 360w\" sizes=\"auto, (max-width: 1200px) 100vw, 1200px\" \/><\/a><figcaption class=\"wp-element-caption\">Une vue du lac la Haie de la passerelle suspendue.<br>N 48\u00b0 27.821&prime; W 078\u00b0 42.117&prime;<\/figcaption><\/figure>\n<\/div>\n\n<div class=\"wp-block-image\">\n<figure class=\"aligncenter size-full\"><a href=\"\/wp-content\/uploads\/2023\/02\/DSCN7363.jpg\"><img loading=\"lazy\" decoding=\"async\" width=\"1200\" height=\"900\" src=\"\/wp-content\/uploads\/2023\/02\/DSCN7363.jpg\" alt=\"\" class=\"wp-image-7241\" srcset=\"https:\/\/mahingan.les4as.ca\/wp-content\/uploads\/2023\/02\/DSCN7363.jpg 1200w, https:\/\/mahingan.les4as.ca\/wp-content\/uploads\/2023\/02\/DSCN7363-300x225.jpg 300w, https:\/\/mahingan.les4as.ca\/wp-content\/uploads\/2023\/02\/DSCN7363-1024x768.jpg 1024w, https:\/\/mahingan.les4as.ca\/wp-content\/uploads\/2023\/02\/DSCN7363-768x576.jpg 768w, https:\/\/mahingan.les4as.ca\/wp-content\/uploads\/2023\/02\/DSCN7363-360x270.jpg 360w\" sizes=\"auto, (max-width: 1200px) 100vw, 1200px\" \/><\/a><figcaption class=\"wp-element-caption\">La plaque comm\u00e9morative de la passerelle suspendue.<br>N 48\u00b0 27.817&prime; W 078\u00b0 42.098&prime;<\/figcaption><\/figure>\n<\/div>\n\n<div class=\"wp-block-image\">\n<figure class=\"aligncenter size-full\"><a href=\"\/wp-content\/uploads\/2023\/02\/DSCN7364.jpg\"><img loading=\"lazy\" decoding=\"async\" width=\"1200\" height=\"900\" src=\"\/wp-content\/uploads\/2023\/02\/DSCN7364.jpg\" alt=\"\" class=\"wp-image-7242\" srcset=\"https:\/\/mahingan.les4as.ca\/wp-content\/uploads\/2023\/02\/DSCN7364.jpg 1200w, https:\/\/mahingan.les4as.ca\/wp-content\/uploads\/2023\/02\/DSCN7364-300x225.jpg 300w, https:\/\/mahingan.les4as.ca\/wp-content\/uploads\/2023\/02\/DSCN7364-1024x768.jpg 1024w, https:\/\/mahingan.les4as.ca\/wp-content\/uploads\/2023\/02\/DSCN7364-768x576.jpg 768w, https:\/\/mahingan.les4as.ca\/wp-content\/uploads\/2023\/02\/DSCN7364-360x270.jpg 360w\" sizes=\"auto, (max-width: 1200px) 100vw, 1200px\" \/><\/a><figcaption class=\"wp-element-caption\">Une marmite de g\u00e9ant.<br>N 48\u00b0 27.473&prime; W 078\u00b0 42.026&prime;<\/figcaption><\/figure>\n<\/div>\n\n<div class=\"wp-block-image\">\n<figure class=\"aligncenter size-full\"><a href=\"\/wp-content\/uploads\/2023\/02\/DSCN7370.jpg\"><img loading=\"lazy\" decoding=\"async\" width=\"1200\" height=\"900\" src=\"\/wp-content\/uploads\/2023\/02\/DSCN7370.jpg\" alt=\"\" class=\"wp-image-7243\" srcset=\"https:\/\/mahingan.les4as.ca\/wp-content\/uploads\/2023\/02\/DSCN7370.jpg 1200w, https:\/\/mahingan.les4as.ca\/wp-content\/uploads\/2023\/02\/DSCN7370-300x225.jpg 300w, https:\/\/mahingan.les4as.ca\/wp-content\/uploads\/2023\/02\/DSCN7370-1024x768.jpg 1024w, https:\/\/mahingan.les4as.ca\/wp-content\/uploads\/2023\/02\/DSCN7370-768x576.jpg 768w, https:\/\/mahingan.les4as.ca\/wp-content\/uploads\/2023\/02\/DSCN7370-360x270.jpg 360w\" sizes=\"auto, (max-width: 1200px) 100vw, 1200px\" \/><\/a><figcaption class=\"wp-element-caption\">Le sentier passe entre deux parois rocheuses.<br>N 48\u00b0 27.462&prime; W 078\u00b0 42.013&prime;<\/figcaption><\/figure>\n<\/div>\n\n\n<figure class=\"wp-block-video aligncenter\"><video height=\"270\" style=\"aspect-ratio: 480 \/ 270;\" width=\"480\" controls src=\"\/wp-content\/uploads\/2023\/02\/DSCN7372_480_FPS20_BR512.mov\"><\/video><figcaption class=\"wp-element-caption\">Jos\u00e9e sur le sentier entre les deux parois rocheuses.<br>N 48\u00b0 27.462&prime; W 078\u00b0 42.013&prime;<\/figcaption><\/figure>\n","protected":false},"excerpt":{"rendered":"<p>R\u00e9sum\u00e9 de la randonn\u00e9e Aujourd\u2019hui, nous allons parcourir deux sentiers&nbsp;: le sentier l\u2019Escalade et le sentier la Traverse. De notre emplacement de camping, afin d\u2019atteindre le stationnement du lac la Haie, nous prenons la route 27 en direction nord puis la route 2 en direction ouest pour bifurquer sur la route 26. Le sentier l\u2019Escalade est une ascension constante pendant un peu moins de 2 kilom\u00e8tres suivie d\u2019une petite boucle au sommet de la colline la Trompeuse. Au d\u00e9but du&#8230;<\/p>\n<p class=\"read-more\"><a class=\"btn btn-default\" href=\"https:\/\/mahingan.les4as.ca\/?p=7202\">Lire la suite<span class=\"screen-reader-text\"> Lire la suite<\/span><\/a><\/p>\n","protected":false},"author":1,"featured_media":7232,"comment_status":"open","ping_status":"open","sticky":false,"template":"","format":"standard","meta":{"footnotes":""},"categories":[40,41,3,35],"tags":[16],"class_list":["post-7202","post","type-post","status-publish","format-standard","has-post-thumbnail","hentry","category-abitibi-temiscamingue","category-parc-national-daiguebelle","category-randonnees","category-regions-administratives-du-quebec","tag-randonnee"],"_links":{"self":[{"href":"https:\/\/mahingan.les4as.ca\/index.php?rest_route=\/wp\/v2\/posts\/7202","targetHints":{"allow":["GET"]}}],"collection":[{"href":"https:\/\/mahingan.les4as.ca\/index.php?rest_route=\/wp\/v2\/posts"}],"about":[{"href":"https:\/\/mahingan.les4as.ca\/index.php?rest_route=\/wp\/v2\/types\/post"}],"author":[{"embeddable":true,"href":"https:\/\/mahingan.les4as.ca\/index.php?rest_route=\/wp\/v2\/users\/1"}],"replies":[{"embeddable":true,"href":"https:\/\/mahingan.les4as.ca\/index.php?rest_route=%2Fwp%2Fv2%2Fcomments&post=7202"}],"version-history":[{"count":23,"href":"https:\/\/mahingan.les4as.ca\/index.php?rest_route=\/wp\/v2\/posts\/7202\/revisions"}],"predecessor-version":[{"id":7492,"href":"https:\/\/mahingan.les4as.ca\/index.php?rest_route=\/wp\/v2\/posts\/7202\/revisions\/7492"}],"wp:featuredmedia":[{"embeddable":true,"href":"https:\/\/mahingan.les4as.ca\/index.php?rest_route=\/wp\/v2\/media\/7232"}],"wp:attachment":[{"href":"https:\/\/mahingan.les4as.ca\/index.php?rest_route=%2Fwp%2Fv2%2Fmedia&parent=7202"}],"wp:term":[{"taxonomy":"category","embeddable":true,"href":"https:\/\/mahingan.les4as.ca\/index.php?rest_route=%2Fwp%2Fv2%2Fcategories&post=7202"},{"taxonomy":"post_tag","embeddable":true,"href":"https:\/\/mahingan.les4as.ca\/index.php?rest_route=%2Fwp%2Fv2%2Ftags&post=7202"}],"curies":[{"name":"wp","href":"https:\/\/api.w.org\/{rel}","templated":true}]}}