{"id":6659,"date":"2022-05-04T09:56:42","date_gmt":"2022-05-04T13:56:42","guid":{"rendered":"https:\/\/mahingan.les4as.ca\/?p=6659"},"modified":"2022-05-09T18:40:01","modified_gmt":"2022-05-09T22:40:01","slug":"sentier-la-chute-du-diable","status":"publish","type":"post","link":"https:\/\/mahingan.les4as.ca\/?p=6659","title":{"rendered":"Sentier La Chute-du-Diable"},"content":{"rendered":"\n<h1 class=\"wp-block-heading\">R\u00e9sum\u00e9 de la randonn\u00e9e<\/h1>\n\n\n\n<p>Apr\u00e8s avoir visit\u00e9 les <a href=\"\/?p=6657\">Chutes-Croches<\/a>, nous reprenons la voiture pour nous diriger vers la Chute-du-Diable qui est situ\u00e9e \u00e0 quelques kilom\u00e8tres au nord par la route 1. Le stationnement est situ\u00e9 sur notre gauche. Le sentier est large et en moins de 15 minutes de marche nous arrivons \u00e0 la Chute-du-Diable. Il y a plusieurs points d\u2019observations avec des bancs. C\u2019est toujours impressionnant le bruit que fait l\u2019eau en tombant d\u2019une hauteur de 15 m\u00e8tres. La bruine g\u00e9n\u00e9r\u00e9e par la chute est bien appr\u00e9ci\u00e9e en cette fin d\u2019apr\u00e8s-midi pour combattre la chaleur de l\u2019\u00e9t\u00e9. Maintenant, je vais vous amener \u00e0 notre <a href=\"\/?p=6770\">petite surprise<\/a>&#8230;<\/p>\n\n\n\n<h1 class=\"wp-block-heading\">Informations sur la randonn\u00e9e<\/h1>\n\n\n\n<p><strong>Date :<\/strong> 12 juillet 2021<\/p>\n\n\n\n<p><strong>M\u00e9t\u00e9o :<\/strong> Alternance de soleil e de nuages, 26\u00b0C. Facteur humidex, 31\u00b0C.<\/p>\n\n\n\n<div class=\"wp-block-group\"><div class=\"wp-block-group__inner-container is-layout-flow wp-block-group-is-layout-flow\">\n<p><strong>Distance<\/strong> : 1.6 Kilom\u00e8tre<\/p>\n<\/div><\/div>\n\n\n\n<p><strong>Stationnement :<\/strong> Sur la route 1 \u00e0 environ 7 kilom\u00e8tres au nord du Centre de d\u00e9couverte.<\/p>\n\n\n\n<p><strong>Coordonn\u00e9e GPS du stationnement :<\/strong> N 46\u00b022.957&prime; W 074\u00b030.521&prime;<\/p>\n\n\n\n<p><strong>Lien vers la carte du sentier :<\/strong> <a href=\"\/wp-content\/uploads\/cartes\/SentiersParcNationalMontTremblant\/Carte_Secteur_De_La_Diable.pdf\">Sentiers secteur de la Diable<\/a><\/p>\n\n\n\n<p><strong>Lien vers le profil du sentier :<\/strong> <a href=\"\/wp-content\/uploads\/2022\/04\/Profil_SentierChuteDuDiable.jpg\">Profil du sentier la Chute-du-Diable<\/a><\/p>\n\n\n\n<p><strong>Fichier gpx pour le GPS :<\/strong> <a href=\"\/wp-content\/uploads\/gpx\/Track_Sentier_Chute_Du_Diable_Mont_Tremblant.gpx\">Track_Sentier_Chute_Du_Diable_Mont_Tremblant.gpx<\/a><\/p>\n\n\n\n<p><strong>Parcours :<\/strong> Lin\u00e9aire<\/p>\n\n\n\n<p><strong>Temps total pour la randonn\u00e9e :<\/strong>&nbsp;33 minutes<\/p>\n\n\n\n<p><strong>Temps de d\u00e9placement :<\/strong> 25 minutes<\/p>\n\n\n\n<p><strong>Temps d&rsquo;arr\u00eat :<\/strong> 8 minutes<\/p>\n\n\n\n<div class=\"wp-block-image is-style-default\"><figure class=\"aligncenter size-full\"><a href=\"\/wp-content\/uploads\/2022\/04\/TraceGPS_SentierChuteDuDiable.jpg\"><img loading=\"lazy\" decoding=\"async\" width=\"1236\" height=\"870\" src=\"\/wp-content\/uploads\/2022\/04\/TraceGPS_SentierChuteDuDiable.jpg\" alt=\"\" class=\"wp-image-6683\" srcset=\"https:\/\/mahingan.les4as.ca\/wp-content\/uploads\/2022\/04\/TraceGPS_SentierChuteDuDiable.jpg 1236w, https:\/\/mahingan.les4as.ca\/wp-content\/uploads\/2022\/04\/TraceGPS_SentierChuteDuDiable-300x211.jpg 300w, https:\/\/mahingan.les4as.ca\/wp-content\/uploads\/2022\/04\/TraceGPS_SentierChuteDuDiable-1024x721.jpg 1024w, https:\/\/mahingan.les4as.ca\/wp-content\/uploads\/2022\/04\/TraceGPS_SentierChuteDuDiable-768x541.jpg 768w, https:\/\/mahingan.les4as.ca\/wp-content\/uploads\/2022\/04\/TraceGPS_SentierChuteDuDiable-384x270.jpg 384w\" sizes=\"auto, (max-width: 1236px) 100vw, 1236px\" \/><\/a><figcaption>Trac\u00e9 GPS de la randonn\u00e9e sur le sentier la Chute-du-Diable.<\/figcaption><\/figure><\/div>\n\n\n\n<h1 class=\"wp-block-heading\">Photos de la randonn\u00e9e<\/h1>\n\n\n\n<div class=\"wp-block-image is-style-default\"><figure class=\"aligncenter size-full\"><a href=\"\/wp-content\/uploads\/2022\/04\/DSCN6680.jpg\"><img loading=\"lazy\" decoding=\"async\" width=\"1200\" height=\"900\" src=\"\/wp-content\/uploads\/2022\/04\/DSCN6680.jpg\" alt=\"\" class=\"wp-image-6733\" srcset=\"https:\/\/mahingan.les4as.ca\/wp-content\/uploads\/2022\/04\/DSCN6680.jpg 1200w, https:\/\/mahingan.les4as.ca\/wp-content\/uploads\/2022\/04\/DSCN6680-300x225.jpg 300w, https:\/\/mahingan.les4as.ca\/wp-content\/uploads\/2022\/04\/DSCN6680-1024x768.jpg 1024w, https:\/\/mahingan.les4as.ca\/wp-content\/uploads\/2022\/04\/DSCN6680-768x576.jpg 768w, https:\/\/mahingan.les4as.ca\/wp-content\/uploads\/2022\/04\/DSCN6680-360x270.jpg 360w\" sizes=\"auto, (max-width: 1200px) 100vw, 1200px\" \/><\/a><figcaption>Le d\u00e9but du sentier.<br>N 46\u00b0 22.957&prime; W074\u00b0 30.521&prime;<\/figcaption><\/figure><\/div>\n\n\n\n<div class=\"wp-block-image is-style-default\"><figure class=\"aligncenter size-full\"><a href=\"\/wp-content\/uploads\/2022\/04\/DSCN6681.jpg\"><img loading=\"lazy\" decoding=\"async\" width=\"1200\" height=\"900\" src=\"\/wp-content\/uploads\/2022\/04\/DSCN6681.jpg\" alt=\"\" class=\"wp-image-6734\" srcset=\"https:\/\/mahingan.les4as.ca\/wp-content\/uploads\/2022\/04\/DSCN6681.jpg 1200w, https:\/\/mahingan.les4as.ca\/wp-content\/uploads\/2022\/04\/DSCN6681-300x225.jpg 300w, https:\/\/mahingan.les4as.ca\/wp-content\/uploads\/2022\/04\/DSCN6681-1024x768.jpg 1024w, https:\/\/mahingan.les4as.ca\/wp-content\/uploads\/2022\/04\/DSCN6681-768x576.jpg 768w, https:\/\/mahingan.les4as.ca\/wp-content\/uploads\/2022\/04\/DSCN6681-360x270.jpg 360w\" sizes=\"auto, (max-width: 1200px) 100vw, 1200px\" \/><\/a><figcaption>Un beau sentier support\u00e9 par les racines de mes amis les arbres.<br>N 46\u00b0 23.049&prime; W074\u00b0 30.564&prime;<\/figcaption><\/figure><\/div>\n\n\n\n<div class=\"wp-block-image is-style-default\"><figure class=\"aligncenter size-full\"><a href=\"\/wp-content\/uploads\/2022\/04\/DSCN6687.jpg\"><img loading=\"lazy\" decoding=\"async\" width=\"1200\" height=\"900\" src=\"\/wp-content\/uploads\/2022\/04\/DSCN6687.jpg\" alt=\"\" class=\"wp-image-6737\" srcset=\"https:\/\/mahingan.les4as.ca\/wp-content\/uploads\/2022\/04\/DSCN6687.jpg 1200w, https:\/\/mahingan.les4as.ca\/wp-content\/uploads\/2022\/04\/DSCN6687-300x225.jpg 300w, https:\/\/mahingan.les4as.ca\/wp-content\/uploads\/2022\/04\/DSCN6687-1024x768.jpg 1024w, https:\/\/mahingan.les4as.ca\/wp-content\/uploads\/2022\/04\/DSCN6687-768x576.jpg 768w, https:\/\/mahingan.les4as.ca\/wp-content\/uploads\/2022\/04\/DSCN6687-360x270.jpg 360w\" sizes=\"auto, (max-width: 1200px) 100vw, 1200px\" \/><\/a><figcaption>La Chute-du-Diable.<br>N 46\u00b0 23.314&prime; W074\u00b0 30.601&prime;<\/figcaption><\/figure><\/div>\n\n\n\n<figure class=\"wp-block-video aligncenter\"><video height=\"270\" style=\"aspect-ratio: 480 \/ 270;\" width=\"480\" controls src=\"\/wp-content\/uploads\/2022\/04\/DSCN6685_480_FP20_BT848.mov\"><\/video><\/figure>\n\n\n\n<div class=\"wp-block-image is-style-default\"><figure class=\"aligncenter size-full\"><a href=\"\/wp-content\/uploads\/2022\/04\/DSCN6686.jpg\"><img loading=\"lazy\" decoding=\"async\" width=\"1200\" height=\"900\" src=\"\/wp-content\/uploads\/2022\/04\/DSCN6686.jpg\" alt=\"\" class=\"wp-image-6736\" srcset=\"https:\/\/mahingan.les4as.ca\/wp-content\/uploads\/2022\/04\/DSCN6686.jpg 1200w, https:\/\/mahingan.les4as.ca\/wp-content\/uploads\/2022\/04\/DSCN6686-300x225.jpg 300w, https:\/\/mahingan.les4as.ca\/wp-content\/uploads\/2022\/04\/DSCN6686-1024x768.jpg 1024w, https:\/\/mahingan.les4as.ca\/wp-content\/uploads\/2022\/04\/DSCN6686-768x576.jpg 768w, https:\/\/mahingan.les4as.ca\/wp-content\/uploads\/2022\/04\/DSCN6686-360x270.jpg 360w\" sizes=\"auto, (max-width: 1200px) 100vw, 1200px\" \/><\/a><figcaption>La rivi\u00e8re du Diable en aval des chutes.<br>N 46\u00b0 23.314&prime; W074\u00b0 30.601&prime;<\/figcaption><\/figure><\/div>\n\n\n\n<div class=\"wp-block-image is-style-default\"><figure class=\"aligncenter size-full\"><a href=\"\/wp-content\/uploads\/2022\/04\/DSCN6691.jpg\"><img loading=\"lazy\" decoding=\"async\" width=\"1200\" height=\"900\" src=\"\/wp-content\/uploads\/2022\/04\/DSCN6691.jpg\" alt=\"\" class=\"wp-image-6738\" srcset=\"https:\/\/mahingan.les4as.ca\/wp-content\/uploads\/2022\/04\/DSCN6691.jpg 1200w, https:\/\/mahingan.les4as.ca\/wp-content\/uploads\/2022\/04\/DSCN6691-300x225.jpg 300w, https:\/\/mahingan.les4as.ca\/wp-content\/uploads\/2022\/04\/DSCN6691-1024x768.jpg 1024w, https:\/\/mahingan.les4as.ca\/wp-content\/uploads\/2022\/04\/DSCN6691-768x576.jpg 768w, https:\/\/mahingan.les4as.ca\/wp-content\/uploads\/2022\/04\/DSCN6691-360x270.jpg 360w\" sizes=\"auto, (max-width: 1200px) 100vw, 1200px\" \/><\/a><figcaption>Jos\u00e9e et son air espi\u00e8gle confortablement assise devant la Chute-du-Diable.<br>N 46\u00b0 23.314&prime; W074\u00b0 30.601&prime;<\/figcaption><\/figure><\/div>\n","protected":false},"excerpt":{"rendered":"<p>R\u00e9sum\u00e9 de la randonn\u00e9e Apr\u00e8s avoir visit\u00e9 les Chutes-Croches, nous reprenons la voiture pour nous diriger vers la Chute-du-Diable qui est situ\u00e9e \u00e0 quelques kilom\u00e8tres au nord par la route 1. Le stationnement est situ\u00e9 sur notre gauche. Le sentier est large et en moins de 15 minutes de marche nous arrivons \u00e0 la Chute-du-Diable. Il y a plusieurs points d\u2019observations avec des bancs. C\u2019est toujours impressionnant le bruit que fait l\u2019eau en tombant d\u2019une hauteur de 15 m\u00e8tres. La&#8230;<\/p>\n<p class=\"read-more\"><a class=\"btn btn-default\" href=\"https:\/\/mahingan.les4as.ca\/?p=6659\">Lire la suite<span class=\"screen-reader-text\"> Lire la suite<\/span><\/a><\/p>\n","protected":false},"author":1,"featured_media":6737,"comment_status":"open","ping_status":"open","sticky":false,"template":"","format":"standard","meta":{"footnotes":""},"categories":[6,39,3,35],"tags":[16],"class_list":["post-6659","post","type-post","status-publish","format-standard","has-post-thumbnail","hentry","category-laurentides","category-parc-national-du-mont-tremblant","category-randonnees","category-regions-administratives-du-quebec","tag-randonnee"],"_links":{"self":[{"href":"https:\/\/mahingan.les4as.ca\/index.php?rest_route=\/wp\/v2\/posts\/6659","targetHints":{"allow":["GET"]}}],"collection":[{"href":"https:\/\/mahingan.les4as.ca\/index.php?rest_route=\/wp\/v2\/posts"}],"about":[{"href":"https:\/\/mahingan.les4as.ca\/index.php?rest_route=\/wp\/v2\/types\/post"}],"author":[{"embeddable":true,"href":"https:\/\/mahingan.les4as.ca\/index.php?rest_route=\/wp\/v2\/users\/1"}],"replies":[{"embeddable":true,"href":"https:\/\/mahingan.les4as.ca\/index.php?rest_route=%2Fwp%2Fv2%2Fcomments&post=6659"}],"version-history":[{"count":9,"href":"https:\/\/mahingan.les4as.ca\/index.php?rest_route=\/wp\/v2\/posts\/6659\/revisions"}],"predecessor-version":[{"id":6825,"href":"https:\/\/mahingan.les4as.ca\/index.php?rest_route=\/wp\/v2\/posts\/6659\/revisions\/6825"}],"wp:featuredmedia":[{"embeddable":true,"href":"https:\/\/mahingan.les4as.ca\/index.php?rest_route=\/wp\/v2\/media\/6737"}],"wp:attachment":[{"href":"https:\/\/mahingan.les4as.ca\/index.php?rest_route=%2Fwp%2Fv2%2Fmedia&parent=6659"}],"wp:term":[{"taxonomy":"category","embeddable":true,"href":"https:\/\/mahingan.les4as.ca\/index.php?rest_route=%2Fwp%2Fv2%2Fcategories&post=6659"},{"taxonomy":"post_tag","embeddable":true,"href":"https:\/\/mahingan.les4as.ca\/index.php?rest_route=%2Fwp%2Fv2%2Ftags&post=6659"}],"curies":[{"name":"wp","href":"https:\/\/api.w.org\/{rel}","templated":true}]}}