{"id":5856,"date":"2020-04-08T13:51:51","date_gmt":"2020-04-08T17:51:51","guid":{"rendered":"https:\/\/mahingan.mooo.com\/?p=5856"},"modified":"2020-04-18T17:31:57","modified_gmt":"2020-04-18T21:31:57","slug":"sentier-la-matteucie-et-le-perdreau","status":"publish","type":"post","link":"https:\/\/mahingan.les4as.ca\/?p=5856","title":{"rendered":"Sentiers La Matteucie et Le Perdreau"},"content":{"rendered":"\n<h1 class=\"wp-block-heading\">R\u00e9sum\u00e9 de la randonn\u00e9e<\/h1>\n\n\n\n<p>Ce matin, \u00e0 notre r\u00e9veil, Jos\u00e9e constate avec tristesse que son dos n&rsquo;est pas r\u00e9tabli. Afin de pouvoir marcher en for\u00eat, elle devra prendre aujourd\u2019hui son m\u00e9dicament miracle, le naprox\u00e8ne.&nbsp;<\/p>\n\n\n\n<p>Apr\u00e8s le d\u00e9jeuner et les t\u00e2ches matinales, nous relaxons au campement, histoire de voir si le m\u00e9dicament fera son effet. Quelques heures passent et tout va bien pour Jos\u00e9e. Nous d\u00e9cidons de d\u00eener au campement afin d&rsquo;all\u00e9ger nos sacs \u00e0 dos quitte \u00e0 terminer plus tard la randonn\u00e9e. Nous prenons la voiture pour aller stationner au kilom\u00e8tre 16 du Chemin de la Vall\u00e9e pour entreprendre l&rsquo;exploration du sentier La Matteucie. Si tout va bien, nous poursuivrons sur le sentier Le Perdreau qui est une boucle et nous reviendrons \u00e0 la voiture en r\u00e9empruntant le sentier La Matteucie.&nbsp;<\/p>\n\n\n\n<p>Notez qu&rsquo;il y a aussi la possibilit\u00e9 pour les randonneurs de stationner leur voiture au kilom\u00e8tre 18 du Chemin de la Vall\u00e9e afin d&rsquo;acc\u00e9der \u00e0 un sentier de connexion pour rejoindre le sentier La Matteucie. Personnellement, je ne vois aucun avantage \u00e0 utiliser cette alternative, sauf si vous voulez \u00e9viter l&rsquo;achalandage du stationnement au kilom\u00e8tre 16 qui est aussi le point de d\u00e9part pour le c\u00e9l\u00e8bre<a href=\"\/?p=5926\"> sentier Les Loups<\/a>.<\/p>\n\n\n\n<p>D\u00e8s le d\u00e9but du sentier La Matteucie, nous marchons dans une belle \u00e9rabli\u00e8re. Les arbres sont matures et les foug\u00e8res sont bien pr\u00e9sentes dans le sous-bois. Plus nous progressons vers le sentier Le Perdreau, plus le sentier se resserre. Lorsque nous atteignons l&rsquo;intersection des deux sentiers, puisque le dos de Jos\u00e9e a bien support\u00e9 la charge, nous continuons sur le sentier Le Perdreau. Pr\u00e8s du lac Buvard, nous sommes attaqu\u00e9s par les maringouins. C&rsquo;est insupportable et nous devons utiliser le chasse-moustiques. Le lac Buvard est un lac printanier. Son niveau d&rsquo;eau atteint son apog\u00e9e au printemps durant la fonte des neiges mais, \u00e0 cette p\u00e9riode de l&rsquo;ann\u00e9e, il est compl\u00e8tement \u00e0 sec. C&rsquo;est la premi\u00e8re fois que nous voyons ce type de ph\u00e9nom\u00e8ne.<\/p>\n\n\n\n<p>De retour au stationnement, nous traversons le Chemin de la Vall\u00e9e pour aller prendre une collation sur le bord de la rivi\u00e8re Jacques-Cartier. Encore une fois, nous avons v\u00e9cu un tr\u00e8s bel apr\u00e8s-midi de randonn\u00e9e en for\u00eat. Jos\u00e9e et moi avons tellement une belle complicit\u00e9 que cela nous permet de vivre des moments d\u2019une grande intensit\u00e9. Depuis pr\u00e8s de 35 ans maintenant, tous les jours, je remercie la providence d&rsquo;avoir provoqu\u00e9 notre rencontre.<\/p>\n\n\n\n<h1 class=\"wp-block-heading\">Informations sur la randonn\u00e9e<\/h1>\n\n\n\n<p><strong>Date :<\/strong> 13 ao\u00fbt 2019<\/p>\n\n\n\n<p><strong>M\u00e9t\u00e9o :<\/strong> Ensoleill\u00e9 avec passages nuageux, 23\u00b0C.<\/p>\n\n\n\n<p><strong>Distance :<\/strong> 9.1 Kilom\u00e8tres<\/p>\n\n\n\n<p><strong>Stationnement :<\/strong>  Au kilom\u00e8tre 16 du Chemin de la Vall\u00e9e. <\/p>\n\n\n\n<p><strong>Coordonn\u00e9e GPS du stationnement :<\/strong>  N 47\u00b012.712&prime; W 071\u00b023.814&prime;<\/p>\n\n\n\n<p><strong>Lien vers la carte des sentiers :<\/strong> <a href=\"\/wp-content\/uploads\/cartes\/SentiersParcNationalDeLaJacquesCartier\/Carte_Parc_National_De_La_Jacques-Cartier.pdf\">Sentiers La Matteucie et Le Perdreau<\/a><\/p>\n\n\n\n<p><strong>Lien vers le profil des sentiers :<\/strong> <a href=\"\/wp-content\/uploads\/2020\/03\/Profil_SentiersLaMatteucieEtLePerdreau.jpg\">Profil des sentiers La Matteucie et Le Perdreau<\/a><\/p>\n\n\n\n<p><strong>Fichier gpx pour le GPS :<\/strong> <a href=\"\/wp-content\/uploads\/gpx\/Track_Sentiers_La_Matteucie_Et_Le_Perdreau.gpx\">Track_Sentiers_La_Matteucie_Et_Le_Perdreau.gpx<\/a><\/p>\n\n\n\n<p><strong>Parcours :<\/strong> Boucle<\/p>\n\n\n\n<p><strong>Temps total pour la randonn\u00e9e :<\/strong> 3 heures 25 minutes<\/p>\n\n\n\n<p><strong>Temps de d\u00e9placement :<\/strong> 2 heures 51 minutes<\/p>\n\n\n\n<p><strong>Temps d&rsquo;arr\u00eat :<\/strong>  34 minutes<\/p>\n\n\n\n<div class=\"wp-block-image\"><figure class=\"aligncenter size-full\"><a href=\"\/wp-content\/uploads\/2020\/03\/TraceGPS_SentiersLaMatteucieEtLePerdreau.jpg\"><img loading=\"lazy\" decoding=\"async\" width=\"1094\" height=\"1484\" src=\"\/wp-content\/uploads\/2020\/03\/TraceGPS_SentiersLaMatteucieEtLePerdreau.jpg\" alt=\"\" class=\"wp-image-5887\" srcset=\"https:\/\/mahingan.les4as.ca\/wp-content\/uploads\/2020\/03\/TraceGPS_SentiersLaMatteucieEtLePerdreau.jpg 1094w, https:\/\/mahingan.les4as.ca\/wp-content\/uploads\/2020\/03\/TraceGPS_SentiersLaMatteucieEtLePerdreau-221x300.jpg 221w, https:\/\/mahingan.les4as.ca\/wp-content\/uploads\/2020\/03\/TraceGPS_SentiersLaMatteucieEtLePerdreau-755x1024.jpg 755w, https:\/\/mahingan.les4as.ca\/wp-content\/uploads\/2020\/03\/TraceGPS_SentiersLaMatteucieEtLePerdreau-768x1042.jpg 768w, https:\/\/mahingan.les4as.ca\/wp-content\/uploads\/2020\/03\/TraceGPS_SentiersLaMatteucieEtLePerdreau-199x270.jpg 199w\" sizes=\"auto, (max-width: 1094px) 100vw, 1094px\" \/><\/a><figcaption>Trac\u00e9 GPS de la randonn\u00e9e sur les sentiers La Matteucie et Le Perdreau.<\/figcaption><\/figure><\/div>\n\n\n\n<h1 class=\"wp-block-heading\">Photos de la randonn\u00e9e<\/h1>\n\n\n\n<h2 class=\"wp-block-heading\">Le sentier La Matteucie<\/h2>\n\n\n\n<div class=\"wp-block-image\"><figure class=\"aligncenter size-full\"><a href=\"\/wp-content\/uploads\/2020\/03\/DSCN5152.jpg\"><img loading=\"lazy\" decoding=\"async\" width=\"900\" height=\"1200\" src=\"\/wp-content\/uploads\/2020\/03\/DSCN5152.jpg\" alt=\"\" class=\"wp-image-5906\" srcset=\"https:\/\/mahingan.les4as.ca\/wp-content\/uploads\/2020\/03\/DSCN5152.jpg 900w, https:\/\/mahingan.les4as.ca\/wp-content\/uploads\/2020\/03\/DSCN5152-225x300.jpg 225w, https:\/\/mahingan.les4as.ca\/wp-content\/uploads\/2020\/03\/DSCN5152-768x1024.jpg 768w, https:\/\/mahingan.les4as.ca\/wp-content\/uploads\/2020\/03\/DSCN5152-203x270.jpg 203w\" sizes=\"auto, (max-width: 900px) 100vw, 900px\" \/><\/a><figcaption>Le d\u00e9but du sentier La Matteucie.<br>N 47\u00b012.758&prime; W071\u00b023.819&prime;<\/figcaption><\/figure><\/div>\n\n\n\n<div class=\"wp-block-image\"><figure class=\"aligncenter size-full\"><a href=\"\/wp-content\/uploads\/2020\/03\/DSCN5153.jpg\"><img loading=\"lazy\" decoding=\"async\" width=\"1200\" height=\"900\" src=\"\/wp-content\/uploads\/2020\/03\/DSCN5153.jpg\" alt=\"\" class=\"wp-image-5907\" srcset=\"https:\/\/mahingan.les4as.ca\/wp-content\/uploads\/2020\/03\/DSCN5153.jpg 1200w, https:\/\/mahingan.les4as.ca\/wp-content\/uploads\/2020\/03\/DSCN5153-300x225.jpg 300w, https:\/\/mahingan.les4as.ca\/wp-content\/uploads\/2020\/03\/DSCN5153-1024x768.jpg 1024w, https:\/\/mahingan.les4as.ca\/wp-content\/uploads\/2020\/03\/DSCN5153-768x576.jpg 768w, https:\/\/mahingan.les4as.ca\/wp-content\/uploads\/2020\/03\/DSCN5153-360x270.jpg 360w\" sizes=\"auto, (max-width: 1200px) 100vw, 1200px\" \/><\/a><figcaption>Le sentier La Matteucie.<br>N 47\u00b013.144&prime; W071\u00b023.923&prime;<\/figcaption><\/figure><\/div>\n\n\n\n<div class=\"wp-block-image\"><figure class=\"aligncenter size-full\"><a href=\"\/wp-content\/uploads\/2020\/03\/DSCN5156.jpg\"><img loading=\"lazy\" decoding=\"async\" width=\"1200\" height=\"900\" src=\"\/wp-content\/uploads\/2020\/03\/DSCN5156.jpg\" alt=\"\" class=\"wp-image-5909\" srcset=\"https:\/\/mahingan.les4as.ca\/wp-content\/uploads\/2020\/03\/DSCN5156.jpg 1200w, https:\/\/mahingan.les4as.ca\/wp-content\/uploads\/2020\/03\/DSCN5156-300x225.jpg 300w, https:\/\/mahingan.les4as.ca\/wp-content\/uploads\/2020\/03\/DSCN5156-1024x768.jpg 1024w, https:\/\/mahingan.les4as.ca\/wp-content\/uploads\/2020\/03\/DSCN5156-768x576.jpg 768w, https:\/\/mahingan.les4as.ca\/wp-content\/uploads\/2020\/03\/DSCN5156-360x270.jpg 360w\" sizes=\"auto, (max-width: 1200px) 100vw, 1200px\" \/><\/a><figcaption>Une vue sur l&rsquo;\u00e9rabli\u00e8re que traverse le sentier La Matteucie.<br>N 47\u00b013.144&prime; W071\u00b023.923&prime;<\/figcaption><\/figure><\/div>\n\n\n\n<div class=\"wp-block-image\"><figure class=\"aligncenter size-full\"><a href=\"\/wp-content\/uploads\/2020\/03\/DSCN5155.jpg\"><img loading=\"lazy\" decoding=\"async\" width=\"900\" height=\"1200\" src=\"\/wp-content\/uploads\/2020\/03\/DSCN5155.jpg\" alt=\"\" class=\"wp-image-5908\" srcset=\"https:\/\/mahingan.les4as.ca\/wp-content\/uploads\/2020\/03\/DSCN5155.jpg 900w, https:\/\/mahingan.les4as.ca\/wp-content\/uploads\/2020\/03\/DSCN5155-225x300.jpg 225w, https:\/\/mahingan.les4as.ca\/wp-content\/uploads\/2020\/03\/DSCN5155-768x1024.jpg 768w, https:\/\/mahingan.les4as.ca\/wp-content\/uploads\/2020\/03\/DSCN5155-203x270.jpg 203w\" sizes=\"auto, (max-width: 900px) 100vw, 900px\" \/><\/a><figcaption>Une belle grosse verrue.<br>N 47\u00b013.144&prime; W071\u00b023.923&prime;<\/figcaption><\/figure><\/div>\n\n\n\n<div class=\"wp-block-image\"><figure class=\"aligncenter size-full\"><a href=\"\/wp-content\/uploads\/2020\/03\/DSCN5158.jpg\"><img loading=\"lazy\" decoding=\"async\" width=\"1200\" height=\"900\" src=\"\/wp-content\/uploads\/2020\/03\/DSCN5158.jpg\" alt=\"\" class=\"wp-image-5910\" srcset=\"https:\/\/mahingan.les4as.ca\/wp-content\/uploads\/2020\/03\/DSCN5158.jpg 1200w, https:\/\/mahingan.les4as.ca\/wp-content\/uploads\/2020\/03\/DSCN5158-300x225.jpg 300w, https:\/\/mahingan.les4as.ca\/wp-content\/uploads\/2020\/03\/DSCN5158-1024x768.jpg 1024w, https:\/\/mahingan.les4as.ca\/wp-content\/uploads\/2020\/03\/DSCN5158-768x576.jpg 768w, https:\/\/mahingan.les4as.ca\/wp-content\/uploads\/2020\/03\/DSCN5158-360x270.jpg 360w\" sizes=\"auto, (max-width: 1200px) 100vw, 1200px\" \/><\/a><figcaption>Ici, le sentier est moins fr\u00e9quent\u00e9.<br>N 47\u00b013.437&prime; W071\u00b024.249&prime;<\/figcaption><\/figure><\/div>\n\n\n\n<hr class=\"wp-block-separator\"\/>\n\n\n\n<h2 class=\"wp-block-heading\">Le sentier Le Perdreau<\/h2>\n\n\n\n<div class=\"wp-block-image\"><figure class=\"aligncenter size-full\"><a href=\"\/wp-content\/uploads\/2020\/03\/DSCN5160.jpg\"><img loading=\"lazy\" decoding=\"async\" width=\"900\" height=\"1200\" src=\"\/wp-content\/uploads\/2020\/03\/DSCN5160.jpg\" alt=\"\" class=\"wp-image-5911\" srcset=\"https:\/\/mahingan.les4as.ca\/wp-content\/uploads\/2020\/03\/DSCN5160.jpg 900w, https:\/\/mahingan.les4as.ca\/wp-content\/uploads\/2020\/03\/DSCN5160-225x300.jpg 225w, https:\/\/mahingan.les4as.ca\/wp-content\/uploads\/2020\/03\/DSCN5160-768x1024.jpg 768w, https:\/\/mahingan.les4as.ca\/wp-content\/uploads\/2020\/03\/DSCN5160-203x270.jpg 203w\" sizes=\"auto, (max-width: 900px) 100vw, 900px\" \/><\/a><figcaption>Le d\u00e9but du sentier Le Perdreau.<br>N 47\u00b013.599&prime; W071\u00b024.252&prime;<\/figcaption><\/figure><\/div>\n\n\n\n<div class=\"wp-block-image\"><figure class=\"aligncenter size-full\"><a href=\"\/wp-content\/uploads\/2020\/03\/DSCN5172.jpg\"><img loading=\"lazy\" decoding=\"async\" width=\"1200\" height=\"900\" src=\"\/wp-content\/uploads\/2020\/03\/DSCN5172.jpg\" alt=\"\" class=\"wp-image-5915\" srcset=\"https:\/\/mahingan.les4as.ca\/wp-content\/uploads\/2020\/03\/DSCN5172.jpg 1200w, https:\/\/mahingan.les4as.ca\/wp-content\/uploads\/2020\/03\/DSCN5172-300x225.jpg 300w, https:\/\/mahingan.les4as.ca\/wp-content\/uploads\/2020\/03\/DSCN5172-1024x768.jpg 1024w, https:\/\/mahingan.les4as.ca\/wp-content\/uploads\/2020\/03\/DSCN5172-768x576.jpg 768w, https:\/\/mahingan.les4as.ca\/wp-content\/uploads\/2020\/03\/DSCN5172-360x270.jpg 360w\" sizes=\"auto, (max-width: 1200px) 100vw, 1200px\" \/><\/a><figcaption>Une chance qu&rsquo;il y a un panneau pour nous indiquer l&rsquo;existence du lac.<br>N 47\u00b014.445&prime; W071\u00b024.755&prime;<\/figcaption><\/figure><\/div>\n\n\n\n<div class=\"wp-block-image\"><figure class=\"aligncenter size-full\"><a href=\"\/wp-content\/uploads\/2020\/03\/DSCN5165.jpg\"><img loading=\"lazy\" decoding=\"async\" width=\"1200\" height=\"900\" src=\"\/wp-content\/uploads\/2020\/03\/DSCN5165.jpg\" alt=\"\" class=\"wp-image-5912\" srcset=\"https:\/\/mahingan.les4as.ca\/wp-content\/uploads\/2020\/03\/DSCN5165.jpg 1200w, https:\/\/mahingan.les4as.ca\/wp-content\/uploads\/2020\/03\/DSCN5165-300x225.jpg 300w, https:\/\/mahingan.les4as.ca\/wp-content\/uploads\/2020\/03\/DSCN5165-1024x768.jpg 1024w, https:\/\/mahingan.les4as.ca\/wp-content\/uploads\/2020\/03\/DSCN5165-768x576.jpg 768w, https:\/\/mahingan.les4as.ca\/wp-content\/uploads\/2020\/03\/DSCN5165-360x270.jpg 360w\" sizes=\"auto, (max-width: 1200px) 100vw, 1200px\" \/><\/a><figcaption>Je vous pr\u00e9sente le lac Buvard. Il porte bien son nom.<br>N 47\u00b014.445&prime; W071\u00b024.755&prime;<\/figcaption><\/figure><\/div>\n\n\n\n<div class=\"wp-block-image\"><figure class=\"aligncenter size-full\"><a href=\"\/wp-content\/uploads\/2020\/03\/DSCN5169.jpg\"><img loading=\"lazy\" decoding=\"async\" width=\"1200\" height=\"900\" src=\"\/wp-content\/uploads\/2020\/03\/DSCN5169.jpg\" alt=\"\" class=\"wp-image-5913\" srcset=\"https:\/\/mahingan.les4as.ca\/wp-content\/uploads\/2020\/03\/DSCN5169.jpg 1200w, https:\/\/mahingan.les4as.ca\/wp-content\/uploads\/2020\/03\/DSCN5169-300x225.jpg 300w, https:\/\/mahingan.les4as.ca\/wp-content\/uploads\/2020\/03\/DSCN5169-1024x768.jpg 1024w, https:\/\/mahingan.les4as.ca\/wp-content\/uploads\/2020\/03\/DSCN5169-768x576.jpg 768w, https:\/\/mahingan.les4as.ca\/wp-content\/uploads\/2020\/03\/DSCN5169-360x270.jpg 360w\" sizes=\"auto, (max-width: 1200px) 100vw, 1200px\" \/><\/a><figcaption>\u00c0 cette p\u00e9riode de l&rsquo;ann\u00e9e, l&rsquo;eau de la fonte des neiges qui forme le lac s&rsquo;est r\u00e9sorb\u00e9.<br>N 47\u00b014.445&prime; W071\u00b024.755&prime;<\/figcaption><\/figure><\/div>\n\n\n\n<div class=\"wp-block-image\"><figure class=\"aligncenter size-full\"><a href=\"\/wp-content\/uploads\/2020\/03\/DSCN5171.jpg\"><img loading=\"lazy\" decoding=\"async\" width=\"1200\" height=\"900\" src=\"\/wp-content\/uploads\/2020\/03\/DSCN5171.jpg\" alt=\"\" class=\"wp-image-5914\" srcset=\"https:\/\/mahingan.les4as.ca\/wp-content\/uploads\/2020\/03\/DSCN5171.jpg 1200w, https:\/\/mahingan.les4as.ca\/wp-content\/uploads\/2020\/03\/DSCN5171-300x225.jpg 300w, https:\/\/mahingan.les4as.ca\/wp-content\/uploads\/2020\/03\/DSCN5171-1024x768.jpg 1024w, https:\/\/mahingan.les4as.ca\/wp-content\/uploads\/2020\/03\/DSCN5171-768x576.jpg 768w, https:\/\/mahingan.les4as.ca\/wp-content\/uploads\/2020\/03\/DSCN5171-360x270.jpg 360w\" sizes=\"auto, (max-width: 1200px) 100vw, 1200px\" \/><\/a><figcaption>Le myst\u00e9rieux lac Buvard nous a d\u00e9voil\u00e9 son secret.<br>N 47\u00b014.445&prime; W071\u00b024.755&prime;<\/figcaption><\/figure><\/div>\n\n\n\n<hr class=\"wp-block-separator\"\/>\n\n\n\n<div class=\"wp-block-image\"><figure class=\"aligncenter size-full\"><a href=\"\/wp-content\/uploads\/2020\/03\/DSCN5174.jpg\"><img loading=\"lazy\" decoding=\"async\" width=\"1200\" height=\"900\" src=\"\/wp-content\/uploads\/2020\/03\/DSCN5174.jpg\" alt=\"\" class=\"wp-image-5916\" srcset=\"https:\/\/mahingan.les4as.ca\/wp-content\/uploads\/2020\/03\/DSCN5174.jpg 1200w, https:\/\/mahingan.les4as.ca\/wp-content\/uploads\/2020\/03\/DSCN5174-300x225.jpg 300w, https:\/\/mahingan.les4as.ca\/wp-content\/uploads\/2020\/03\/DSCN5174-1024x768.jpg 1024w, https:\/\/mahingan.les4as.ca\/wp-content\/uploads\/2020\/03\/DSCN5174-768x576.jpg 768w, https:\/\/mahingan.les4as.ca\/wp-content\/uploads\/2020\/03\/DSCN5174-360x270.jpg 360w\" sizes=\"auto, (max-width: 1200px) 100vw, 1200px\" \/><\/a><figcaption>Nous prenons notre collation sur le bord de la rivi\u00e8re Jacques-Cartier au kilom\u00e8tre 16 du Chemin de la Vall\u00e9e. (Portage pour les canots.)<br>N 47\u00b012.614&prime; W071\u00b023.838&prime;<\/figcaption><\/figure><\/div>\n","protected":false},"excerpt":{"rendered":"<p>R\u00e9sum\u00e9 de la randonn\u00e9e Ce matin, \u00e0 notre r\u00e9veil, Jos\u00e9e constate avec tristesse que son dos n&rsquo;est pas r\u00e9tabli. Afin de pouvoir marcher en for\u00eat, elle devra prendre aujourd\u2019hui son m\u00e9dicament miracle, le naprox\u00e8ne.&nbsp; Apr\u00e8s le d\u00e9jeuner et les t\u00e2ches matinales, nous relaxons au campement, histoire de voir si le m\u00e9dicament fera son effet. Quelques heures passent et tout va bien pour Jos\u00e9e. Nous d\u00e9cidons de d\u00eener au campement afin d&rsquo;all\u00e9ger nos sacs \u00e0 dos quitte \u00e0 terminer plus tard&#8230;<\/p>\n<p class=\"read-more\"><a class=\"btn btn-default\" href=\"https:\/\/mahingan.les4as.ca\/?p=5856\">Lire la suite<span class=\"screen-reader-text\"> Lire la suite<\/span><\/a><\/p>\n","protected":false},"author":1,"featured_media":5912,"comment_status":"open","ping_status":"open","sticky":false,"template":"","format":"standard","meta":{"footnotes":""},"categories":[36,8,3,35],"tags":[16],"class_list":["post-5856","post","type-post","status-publish","format-standard","has-post-thumbnail","hentry","category-parc-national-de-la-jacques-cartier","category-quebec","category-randonnees","category-regions-administratives-du-quebec","tag-randonnee"],"_links":{"self":[{"href":"https:\/\/mahingan.les4as.ca\/index.php?rest_route=\/wp\/v2\/posts\/5856","targetHints":{"allow":["GET"]}}],"collection":[{"href":"https:\/\/mahingan.les4as.ca\/index.php?rest_route=\/wp\/v2\/posts"}],"about":[{"href":"https:\/\/mahingan.les4as.ca\/index.php?rest_route=\/wp\/v2\/types\/post"}],"author":[{"embeddable":true,"href":"https:\/\/mahingan.les4as.ca\/index.php?rest_route=\/wp\/v2\/users\/1"}],"replies":[{"embeddable":true,"href":"https:\/\/mahingan.les4as.ca\/index.php?rest_route=%2Fwp%2Fv2%2Fcomments&post=5856"}],"version-history":[{"count":25,"href":"https:\/\/mahingan.les4as.ca\/index.php?rest_route=\/wp\/v2\/posts\/5856\/revisions"}],"predecessor-version":[{"id":6125,"href":"https:\/\/mahingan.les4as.ca\/index.php?rest_route=\/wp\/v2\/posts\/5856\/revisions\/6125"}],"wp:featuredmedia":[{"embeddable":true,"href":"https:\/\/mahingan.les4as.ca\/index.php?rest_route=\/wp\/v2\/media\/5912"}],"wp:attachment":[{"href":"https:\/\/mahingan.les4as.ca\/index.php?rest_route=%2Fwp%2Fv2%2Fmedia&parent=5856"}],"wp:term":[{"taxonomy":"category","embeddable":true,"href":"https:\/\/mahingan.les4as.ca\/index.php?rest_route=%2Fwp%2Fv2%2Fcategories&post=5856"},{"taxonomy":"post_tag","embeddable":true,"href":"https:\/\/mahingan.les4as.ca\/index.php?rest_route=%2Fwp%2Fv2%2Ftags&post=5856"}],"curies":[{"name":"wp","href":"https:\/\/api.w.org\/{rel}","templated":true}]}}