{"id":4073,"date":"2019-03-24T15:13:12","date_gmt":"2019-03-24T19:13:12","guid":{"rendered":"https:\/\/mahingan.mooo.com\/?p=4073"},"modified":"2019-12-12T17:01:09","modified_gmt":"2019-12-12T22:01:09","slug":"sentier-la-montagne-de-chert","status":"publish","type":"post","link":"https:\/\/mahingan.les4as.ca\/?p=4073","title":{"rendered":"Sentier La Montagne-de-Chert"},"content":{"rendered":"\n<h1 class=\"wp-block-heading\">R\u00e9sum\u00e9 de la randonn\u00e9e<\/h1>\n\n\n\n<p>Une autre journ\u00e9e tr\u00e8s chaude et humide en perspective se dessine. Nous n\u2019avons pas beaucoup de r\u00e9pit cet \u00e9t\u00e9. Nous prenons du retard sur notre horaire de randonn\u00e9e du sentier national au Bas-Saint-Laurent. Nous commen\u00e7ons \u00e0 penser qu\u2019il va nous falloir \u00e9tendre d\u2019une semaine notre s\u00e9jour si nous voulons avoir une chance de compl\u00e9ter le parcours dans sa totalit\u00e9. Malgr\u00e9 tout, nous d\u00e9cidons aujourd\u2019hui d\u2019aller marcher sur le sentier la Montagne-de-Chert dans le parc national du Lac-T\u00e9miscouata. C\u2019est le dernier sentier du parc qui nous reste \u00e0 explorer. Nous quittons donc notre campement au camping municipal de Saint-Michel-du-Squatec de bonne heure afin de profiter de la fra\u00eecheur matinale.<br><\/p>\n\n\n\n<p>Le sentier la Montagne-du-Chert est tout simplement f\u00e9\u00e9rique. Nous marchons dans une vieille \u00e9rabli\u00e8re pour atteindre un point de vue sur le lac Touladi. Nous prenons le temps de nous impr\u00e9gner du calme que nous offre la for\u00eat. Nous sommes seuls et le chant de la grive solitaire orchestre nos r\u00e9flexions. J\u2019adore tellement le chant de cet oiseau. Il a quelque chose de magique et j\u2019irais m\u00eame \u00e0 le qualifier de divin. D\u00e9finitivement, ce sentier est un coup de coeur!<\/p>\n\n\n\n<p>Au retour, la temp\u00e9rature s\u2019\u00e9l\u00e8ve rapidement. Nous passerons notre apr\u00e8s-midi \u00e0 la piscine du camping avec une bonne bi\u00e8re fra\u00eeche que j\u2019ai d\u00e9couverte. Il s\u2019agit de la <em>Guerre des Clochers<\/em> qui est brass\u00e9e par la microbrasserie le <em>Caveau des Trois-Pistoles<\/em>. Un vrai d\u00e9lice pour les papilles!<\/p>\n\n\n\n<h1 class=\"wp-block-heading\">Informations sur la randonn\u00e9e<\/h1>\n\n\n\n<p><strong>Date :<\/strong> 22 juillet 2018<\/p>\n\n\n\n<p><strong>M\u00e9t\u00e9o :<\/strong> Ensoleill\u00e9. Ennuagement tard cet apr\u00e8s-midi, 30\u00b0C. Facteur humidex, 32\u00b0C.<\/p>\n\n\n\n<p><strong>Nombre de caches cherch\u00e9es :<\/strong> 1<\/p>\n\n\n\n<p><strong>Nombre de caches trouv\u00e9es :<\/strong> 1<\/p>\n\n\n\n<p><strong>Distance :<\/strong> 6.3 Kilom\u00e8tres<\/p>\n\n\n\n<p><strong>Stationnement :<\/strong> La montagne de Chert dans le parc national du Lac-T\u00e9miscouata.<\/p>\n\n\n\n<p><strong>Coordonn\u00e9e GPS du stationnement :<\/strong> N 47\u00b044.646&prime; W 068\u00b046.996&prime;<\/p>\n\n\n\n<p><strong>Lien vers la carte du sentier :<\/strong> <a href=\"\/wp-content\/uploads\/cartes\/SentiersParcNationalLacTemiscouata\/CarteParcNationalLacTemiscouata.pdf\">Sentier La Montagne-de-Chert<\/a><\/p>\n\n\n\n<p><strong>Lien vers le profil du sentier :<\/strong> <a href=\"\/wp-content\/uploads\/2019\/03\/Profil_SentierLaMontagneDeChert.jpg\">Profil du sentier La Montagne-de-Chert<\/a><\/p>\n\n\n\n<p><strong>Fichier gpx pour le GPS :<\/strong> <a href=\"\/wp-content\/uploads\/gpx\/Track_Sentier_La_Montagne_De_Chert.gpx\">Track_Sentier_La_Montagne_De_Chert.gpx<\/a><\/p>\n\n\n\n<p><strong>Parcours :<\/strong> Boucle<\/p>\n\n\n\n<p><strong>Temps total pour la randonn\u00e9e :<\/strong> 2 heures 28 minutes<\/p>\n\n\n\n<p><strong>Temps de d\u00e9placement :<\/strong> 1 heure 39 minutes<\/p>\n\n\n\n<p><strong>Temps d&rsquo;arr\u00eat :<\/strong> 49 minutes<\/p>\n\n\n\n<p><strong>Liste des caches trouv\u00e9es :<\/strong> GC4EVEF<\/p>\n\n\n\n<div class=\"wp-block-image\"><figure class=\"aligncenter size-full\"><a href=\"\/wp-content\/uploads\/2019\/03\/TraceGPS_SentierLaMontagneDeChert.jpg\"><img loading=\"lazy\" decoding=\"async\" width=\"1031\" height=\"868\" src=\"\/wp-content\/uploads\/2019\/03\/TraceGPS_SentierLaMontagneDeChert.jpg\" alt=\"\" class=\"wp-image-4095\" srcset=\"https:\/\/mahingan.les4as.ca\/wp-content\/uploads\/2019\/03\/TraceGPS_SentierLaMontagneDeChert.jpg 1031w, https:\/\/mahingan.les4as.ca\/wp-content\/uploads\/2019\/03\/TraceGPS_SentierLaMontagneDeChert-300x253.jpg 300w, https:\/\/mahingan.les4as.ca\/wp-content\/uploads\/2019\/03\/TraceGPS_SentierLaMontagneDeChert-768x647.jpg 768w, https:\/\/mahingan.les4as.ca\/wp-content\/uploads\/2019\/03\/TraceGPS_SentierLaMontagneDeChert-1024x862.jpg 1024w, https:\/\/mahingan.les4as.ca\/wp-content\/uploads\/2019\/03\/TraceGPS_SentierLaMontagneDeChert-321x270.jpg 321w\" sizes=\"auto, (max-width: 1031px) 100vw, 1031px\" \/><\/a><figcaption>Trac\u00e9 GPS de la randonn\u00e9e sur le sentier La Montagne-de-Chert.<\/figcaption><\/figure><\/div>\n\n\n\n<h1 class=\"wp-block-heading\">Photos de la randonn\u00e9e<\/h1>\n\n\n\n<div class=\"wp-block-image\"><figure class=\"aligncenter size-full\"><a href=\"\/wp-content\/uploads\/2019\/03\/DSCN3898.jpg\"><img loading=\"lazy\" decoding=\"async\" width=\"1200\" height=\"900\" src=\"\/wp-content\/uploads\/2019\/03\/DSCN3898.jpg\" alt=\"\" class=\"wp-image-4096\" srcset=\"https:\/\/mahingan.les4as.ca\/wp-content\/uploads\/2019\/03\/DSCN3898.jpg 1200w, https:\/\/mahingan.les4as.ca\/wp-content\/uploads\/2019\/03\/DSCN3898-300x225.jpg 300w, https:\/\/mahingan.les4as.ca\/wp-content\/uploads\/2019\/03\/DSCN3898-768x576.jpg 768w, https:\/\/mahingan.les4as.ca\/wp-content\/uploads\/2019\/03\/DSCN3898-1024x768.jpg 1024w, https:\/\/mahingan.les4as.ca\/wp-content\/uploads\/2019\/03\/DSCN3898-360x270.jpg 360w\" sizes=\"auto, (max-width: 1200px) 100vw, 1200px\" \/><\/a><figcaption>Le d\u00e9but du sentier.<br>N 47\u00b044.639&prime; W 068\u00b046.999&prime;<\/figcaption><\/figure><\/div>\n\n\n\n<div class=\"wp-block-image\"><figure class=\"aligncenter size-full\"><a href=\"\/wp-content\/uploads\/2019\/03\/DSCN3899.jpg\"><img loading=\"lazy\" decoding=\"async\" width=\"1200\" height=\"900\" src=\"\/wp-content\/uploads\/2019\/03\/DSCN3899.jpg\" alt=\"\" class=\"wp-image-4097\" srcset=\"https:\/\/mahingan.les4as.ca\/wp-content\/uploads\/2019\/03\/DSCN3899.jpg 1200w, https:\/\/mahingan.les4as.ca\/wp-content\/uploads\/2019\/03\/DSCN3899-300x225.jpg 300w, https:\/\/mahingan.les4as.ca\/wp-content\/uploads\/2019\/03\/DSCN3899-768x576.jpg 768w, https:\/\/mahingan.les4as.ca\/wp-content\/uploads\/2019\/03\/DSCN3899-1024x768.jpg 1024w, https:\/\/mahingan.les4as.ca\/wp-content\/uploads\/2019\/03\/DSCN3899-360x270.jpg 360w\" sizes=\"auto, (max-width: 1200px) 100vw, 1200px\" \/><\/a><figcaption>Cette photo vous donne une bonne id\u00e9e du sentier.<br>N 47\u00b044.505&prime; W 068\u00b046.640&prime;<\/figcaption><\/figure><\/div>\n\n\n\n<div class=\"wp-block-image\"><figure class=\"aligncenter size-full\"><a href=\"\/wp-content\/uploads\/2019\/03\/DSCN3901.jpg\"><img loading=\"lazy\" decoding=\"async\" width=\"1200\" height=\"900\" src=\"\/wp-content\/uploads\/2019\/03\/DSCN3901.jpg\" alt=\"\" class=\"wp-image-4098\" srcset=\"https:\/\/mahingan.les4as.ca\/wp-content\/uploads\/2019\/03\/DSCN3901.jpg 1200w, https:\/\/mahingan.les4as.ca\/wp-content\/uploads\/2019\/03\/DSCN3901-300x225.jpg 300w, https:\/\/mahingan.les4as.ca\/wp-content\/uploads\/2019\/03\/DSCN3901-768x576.jpg 768w, https:\/\/mahingan.les4as.ca\/wp-content\/uploads\/2019\/03\/DSCN3901-1024x768.jpg 1024w, https:\/\/mahingan.les4as.ca\/wp-content\/uploads\/2019\/03\/DSCN3901-360x270.jpg 360w\" sizes=\"auto, (max-width: 1200px) 100vw, 1200px\" \/><\/a><figcaption>Le lac Touladi vu du point d&rsquo;observation.<br>N 47\u00b044.121&prime; W 068\u00b046.477&prime;<\/figcaption><\/figure><\/div>\n\n\n\n<div class=\"wp-block-image\"><figure class=\"aligncenter size-full\"><a href=\"\/wp-content\/uploads\/2019\/03\/DSCN3902.jpg\"><img loading=\"lazy\" decoding=\"async\" width=\"1200\" height=\"900\" src=\"\/wp-content\/uploads\/2019\/03\/DSCN3902.jpg\" alt=\"\" class=\"wp-image-4099\" srcset=\"https:\/\/mahingan.les4as.ca\/wp-content\/uploads\/2019\/03\/DSCN3902.jpg 1200w, https:\/\/mahingan.les4as.ca\/wp-content\/uploads\/2019\/03\/DSCN3902-300x225.jpg 300w, https:\/\/mahingan.les4as.ca\/wp-content\/uploads\/2019\/03\/DSCN3902-768x576.jpg 768w, https:\/\/mahingan.les4as.ca\/wp-content\/uploads\/2019\/03\/DSCN3902-1024x768.jpg 1024w, https:\/\/mahingan.les4as.ca\/wp-content\/uploads\/2019\/03\/DSCN3902-360x270.jpg 360w\" sizes=\"auto, (max-width: 1200px) 100vw, 1200px\" \/><\/a><figcaption>Cet endroit est tellement magnifique!<br>N 47\u00b044.121&prime; W 068\u00b046.477&prime;<\/figcaption><\/figure><\/div>\n\n\n\n<div class=\"wp-block-image\"><figure class=\"aligncenter size-full\"><a href=\"\/wp-content\/uploads\/2019\/03\/DSCN3906.jpg\"><img loading=\"lazy\" decoding=\"async\" width=\"1200\" height=\"900\" src=\"\/wp-content\/uploads\/2019\/03\/DSCN3906.jpg\" alt=\"\" class=\"wp-image-4100\" srcset=\"https:\/\/mahingan.les4as.ca\/wp-content\/uploads\/2019\/03\/DSCN3906.jpg 1200w, https:\/\/mahingan.les4as.ca\/wp-content\/uploads\/2019\/03\/DSCN3906-300x225.jpg 300w, https:\/\/mahingan.les4as.ca\/wp-content\/uploads\/2019\/03\/DSCN3906-768x576.jpg 768w, https:\/\/mahingan.les4as.ca\/wp-content\/uploads\/2019\/03\/DSCN3906-1024x768.jpg 1024w, https:\/\/mahingan.les4as.ca\/wp-content\/uploads\/2019\/03\/DSCN3906-360x270.jpg 360w\" sizes=\"auto, (max-width: 1200px) 100vw, 1200px\" \/><\/a><figcaption>Ici, je me sens en parfaite harmonie avec la nature.<br>N 47\u00b044.121&prime; W 068\u00b046.477&prime;<\/figcaption><\/figure><\/div>\n\n\n\n<div class=\"wp-block-image\"><figure class=\"aligncenter size-full\"><a href=\"\/wp-content\/uploads\/2019\/03\/DSCN3909.jpg\"><img loading=\"lazy\" decoding=\"async\" width=\"1200\" height=\"900\" src=\"\/wp-content\/uploads\/2019\/03\/DSCN3909.jpg\" alt=\"\" class=\"wp-image-4102\" srcset=\"https:\/\/mahingan.les4as.ca\/wp-content\/uploads\/2019\/03\/DSCN3909.jpg 1200w, https:\/\/mahingan.les4as.ca\/wp-content\/uploads\/2019\/03\/DSCN3909-300x225.jpg 300w, https:\/\/mahingan.les4as.ca\/wp-content\/uploads\/2019\/03\/DSCN3909-768x576.jpg 768w, https:\/\/mahingan.les4as.ca\/wp-content\/uploads\/2019\/03\/DSCN3909-1024x768.jpg 1024w, https:\/\/mahingan.les4as.ca\/wp-content\/uploads\/2019\/03\/DSCN3909-360x270.jpg 360w\" sizes=\"auto, (max-width: 1200px) 100vw, 1200px\" \/><\/a><figcaption>C&rsquo;est l&rsquo;endroit id\u00e9al pour faire une petite sieste.<br>N 47\u00b044.121&prime; W 068\u00b046.477&prime;<\/figcaption><\/figure><\/div>\n\n\n\n<div class=\"wp-block-image\"><figure class=\"aligncenter size-full\"><a href=\"\/wp-content\/uploads\/2019\/03\/DSCN3910.jpg\"><img loading=\"lazy\" decoding=\"async\" width=\"1200\" height=\"900\" src=\"\/wp-content\/uploads\/2019\/03\/DSCN3910.jpg\" alt=\"\" class=\"wp-image-4103\" srcset=\"https:\/\/mahingan.les4as.ca\/wp-content\/uploads\/2019\/03\/DSCN3910.jpg 1200w, https:\/\/mahingan.les4as.ca\/wp-content\/uploads\/2019\/03\/DSCN3910-300x225.jpg 300w, https:\/\/mahingan.les4as.ca\/wp-content\/uploads\/2019\/03\/DSCN3910-768x576.jpg 768w, https:\/\/mahingan.les4as.ca\/wp-content\/uploads\/2019\/03\/DSCN3910-1024x768.jpg 1024w, https:\/\/mahingan.les4as.ca\/wp-content\/uploads\/2019\/03\/DSCN3910-360x270.jpg 360w\" sizes=\"auto, (max-width: 1200px) 100vw, 1200px\" \/><\/a><figcaption>\u00c7a c&rsquo;est la vie! Parlez-en \u00e0 Pijiw. J&rsquo;ai un faible pour les siestes!<br>N 47\u00b044.121&prime; W 068\u00b046.477&prime;<\/figcaption><\/figure><\/div>\n\n\n\n<div class=\"wp-block-image\"><figure class=\"aligncenter size-full\"><a href=\"\/wp-content\/uploads\/2019\/03\/DSCN3914.jpg\"><img loading=\"lazy\" decoding=\"async\" width=\"1200\" height=\"900\" src=\"\/wp-content\/uploads\/2019\/03\/DSCN3914.jpg\" alt=\"\" class=\"wp-image-4104\" srcset=\"https:\/\/mahingan.les4as.ca\/wp-content\/uploads\/2019\/03\/DSCN3914.jpg 1200w, https:\/\/mahingan.les4as.ca\/wp-content\/uploads\/2019\/03\/DSCN3914-300x225.jpg 300w, https:\/\/mahingan.les4as.ca\/wp-content\/uploads\/2019\/03\/DSCN3914-768x576.jpg 768w, https:\/\/mahingan.les4as.ca\/wp-content\/uploads\/2019\/03\/DSCN3914-1024x768.jpg 1024w, https:\/\/mahingan.les4as.ca\/wp-content\/uploads\/2019\/03\/DSCN3914-360x270.jpg 360w\" sizes=\"auto, (max-width: 1200px) 100vw, 1200px\" \/><\/a><figcaption>Je n&rsquo;aurais jamais pens\u00e9 trouver ce type de pancarte dans le bois!<br>N 47\u00b043.623&prime; W 068\u00b047.055&prime;<\/figcaption><\/figure><\/div>\n\n\n\n<div class=\"wp-block-image\"><figure class=\"aligncenter size-full\"><a href=\"\/wp-content\/uploads\/2019\/03\/DSCN3915.jpg\"><img loading=\"lazy\" decoding=\"async\" width=\"1200\" height=\"900\" src=\"\/wp-content\/uploads\/2019\/03\/DSCN3915.jpg\" alt=\"\" class=\"wp-image-4105\" srcset=\"https:\/\/mahingan.les4as.ca\/wp-content\/uploads\/2019\/03\/DSCN3915.jpg 1200w, https:\/\/mahingan.les4as.ca\/wp-content\/uploads\/2019\/03\/DSCN3915-300x225.jpg 300w, https:\/\/mahingan.les4as.ca\/wp-content\/uploads\/2019\/03\/DSCN3915-768x576.jpg 768w, https:\/\/mahingan.les4as.ca\/wp-content\/uploads\/2019\/03\/DSCN3915-1024x768.jpg 1024w, https:\/\/mahingan.les4as.ca\/wp-content\/uploads\/2019\/03\/DSCN3915-360x270.jpg 360w\" sizes=\"auto, (max-width: 1200px) 100vw, 1200px\" \/><\/a><figcaption>Le lac Touladi.<br>N 47\u00b044.247&prime; W 068\u00b046.729&prime;<\/figcaption><\/figure><\/div>\n\n\n\n<div class=\"wp-block-image\"><figure class=\"aligncenter size-full\"><a href=\"\/wp-content\/uploads\/2019\/03\/DSCN3916.jpg\"><img loading=\"lazy\" decoding=\"async\" width=\"900\" height=\"1200\" src=\"\/wp-content\/uploads\/2019\/03\/DSCN3916.jpg\" alt=\"\" class=\"wp-image-4106\" srcset=\"https:\/\/mahingan.les4as.ca\/wp-content\/uploads\/2019\/03\/DSCN3916.jpg 900w, https:\/\/mahingan.les4as.ca\/wp-content\/uploads\/2019\/03\/DSCN3916-225x300.jpg 225w, https:\/\/mahingan.les4as.ca\/wp-content\/uploads\/2019\/03\/DSCN3916-768x1024.jpg 768w, https:\/\/mahingan.les4as.ca\/wp-content\/uploads\/2019\/03\/DSCN3916-203x270.jpg 203w\" sizes=\"auto, (max-width: 900px) 100vw, 900px\" \/><\/a><figcaption>Un arbre sp\u00e9cial dans une for\u00eat enchant\u00e9e.<br>N 47\u00b044.585&prime; W 068\u00b046.895&prime;<\/figcaption><\/figure><\/div>\n\n\n\n<div class=\"wp-block-image\"><figure class=\"aligncenter size-full\"><a href=\"\/wp-content\/uploads\/2019\/03\/DSCN3917.jpg\"><img loading=\"lazy\" decoding=\"async\" width=\"900\" height=\"1200\" src=\"\/wp-content\/uploads\/2019\/03\/DSCN3917.jpg\" alt=\"\" class=\"wp-image-4107\" srcset=\"https:\/\/mahingan.les4as.ca\/wp-content\/uploads\/2019\/03\/DSCN3917.jpg 900w, https:\/\/mahingan.les4as.ca\/wp-content\/uploads\/2019\/03\/DSCN3917-225x300.jpg 225w, https:\/\/mahingan.les4as.ca\/wp-content\/uploads\/2019\/03\/DSCN3917-768x1024.jpg 768w, https:\/\/mahingan.les4as.ca\/wp-content\/uploads\/2019\/03\/DSCN3917-203x270.jpg 203w\" sizes=\"auto, (max-width: 900px) 100vw, 900px\" \/><\/a><figcaption>Remarquez l&rsquo;\u00e9corce du tronc de ce vieux bouleau jaune.<br>N 47\u00b044.585&prime; W 068\u00b046.895&prime;<\/figcaption><\/figure><\/div>\n\n\n\n<div class=\"wp-block-image\"><figure class=\"aligncenter size-full\"><a href=\"\/wp-content\/uploads\/2019\/03\/DSCN3918.jpg\"><img loading=\"lazy\" decoding=\"async\" width=\"1200\" height=\"900\" src=\"\/wp-content\/uploads\/2019\/03\/DSCN3918.jpg\" alt=\"\" class=\"wp-image-4109\" srcset=\"https:\/\/mahingan.les4as.ca\/wp-content\/uploads\/2019\/03\/DSCN3918.jpg 1200w, https:\/\/mahingan.les4as.ca\/wp-content\/uploads\/2019\/03\/DSCN3918-300x225.jpg 300w, https:\/\/mahingan.les4as.ca\/wp-content\/uploads\/2019\/03\/DSCN3918-768x576.jpg 768w, https:\/\/mahingan.les4as.ca\/wp-content\/uploads\/2019\/03\/DSCN3918-1024x768.jpg 1024w, https:\/\/mahingan.les4as.ca\/wp-content\/uploads\/2019\/03\/DSCN3918-360x270.jpg 360w\" sizes=\"auto, (max-width: 1200px) 100vw, 1200px\" \/><\/a><figcaption>Remarquez l&rsquo;\u00e9corce de la branche. La texture et la forme est diff\u00e9rente de celle du tronc.<br>N 47\u00b044.585&prime; W 068\u00b046.895&prime;<\/figcaption><\/figure><\/div>\n","protected":false},"excerpt":{"rendered":"<p>R\u00e9sum\u00e9 de la randonn\u00e9e Une autre journ\u00e9e tr\u00e8s chaude et humide en perspective se dessine. Nous n\u2019avons pas beaucoup de r\u00e9pit cet \u00e9t\u00e9. Nous prenons du retard sur notre horaire de randonn\u00e9e du sentier national au Bas-Saint-Laurent. Nous commen\u00e7ons \u00e0 penser qu\u2019il va nous falloir \u00e9tendre d\u2019une semaine notre s\u00e9jour si nous voulons avoir une chance de compl\u00e9ter le parcours dans sa totalit\u00e9. Malgr\u00e9 tout, nous d\u00e9cidons aujourd\u2019hui d\u2019aller marcher sur le sentier la Montagne-de-Chert dans le parc national du&#8230;<\/p>\n<p class=\"read-more\"><a class=\"btn btn-default\" href=\"https:\/\/mahingan.les4as.ca\/?p=4073\">Lire la suite<span class=\"screen-reader-text\"> Lire la suite<\/span><\/a><\/p>\n","protected":false},"author":1,"featured_media":4102,"comment_status":"open","ping_status":"open","sticky":false,"template":"","format":"standard","meta":{"footnotes":""},"categories":[28,3],"tags":[16],"class_list":["post-4073","post","type-post","status-publish","format-standard","has-post-thumbnail","hentry","category-parc-national-du-lac-temiscouata","category-randonnees","tag-randonnee"],"_links":{"self":[{"href":"https:\/\/mahingan.les4as.ca\/index.php?rest_route=\/wp\/v2\/posts\/4073","targetHints":{"allow":["GET"]}}],"collection":[{"href":"https:\/\/mahingan.les4as.ca\/index.php?rest_route=\/wp\/v2\/posts"}],"about":[{"href":"https:\/\/mahingan.les4as.ca\/index.php?rest_route=\/wp\/v2\/types\/post"}],"author":[{"embeddable":true,"href":"https:\/\/mahingan.les4as.ca\/index.php?rest_route=\/wp\/v2\/users\/1"}],"replies":[{"embeddable":true,"href":"https:\/\/mahingan.les4as.ca\/index.php?rest_route=%2Fwp%2Fv2%2Fcomments&post=4073"}],"version-history":[{"count":20,"href":"https:\/\/mahingan.les4as.ca\/index.php?rest_route=\/wp\/v2\/posts\/4073\/revisions"}],"predecessor-version":[{"id":5192,"href":"https:\/\/mahingan.les4as.ca\/index.php?rest_route=\/wp\/v2\/posts\/4073\/revisions\/5192"}],"wp:featuredmedia":[{"embeddable":true,"href":"https:\/\/mahingan.les4as.ca\/index.php?rest_route=\/wp\/v2\/media\/4102"}],"wp:attachment":[{"href":"https:\/\/mahingan.les4as.ca\/index.php?rest_route=%2Fwp%2Fv2%2Fmedia&parent=4073"}],"wp:term":[{"taxonomy":"category","embeddable":true,"href":"https:\/\/mahingan.les4as.ca\/index.php?rest_route=%2Fwp%2Fv2%2Fcategories&post=4073"},{"taxonomy":"post_tag","embeddable":true,"href":"https:\/\/mahingan.les4as.ca\/index.php?rest_route=%2Fwp%2Fv2%2Ftags&post=4073"}],"curies":[{"name":"wp","href":"https:\/\/api.w.org\/{rel}","templated":true}]}}